{"id":1104,"date":"2024-01-04T16:05:30","date_gmt":"2024-01-04T15:05:30","guid":{"rendered":"https:\/\/serbenidorm.daliisolutions.com\/index.php\/2024\/01\/04\/la-guardia-civil-libera-a-una-mujer-obligada-a-prostituirse-en-la-vila-joiosa\/"},"modified":"2024-01-04T16:05:30","modified_gmt":"2024-01-04T15:05:30","slug":"la-guardia-civil-libera-a-una-mujer-obligada-a-prostituirse-en-la-vila-joiosa","status":"publish","type":"post","link":"https:\/\/serbenidorm.daliisolutions.com\/index.php\/2024\/01\/04\/la-guardia-civil-libera-a-una-mujer-obligada-a-prostituirse-en-la-vila-joiosa\/","title":{"rendered":"La Guardia Civil libera a una mujer obligada a prostituirse en La Vila Joiosa"},"content":{"rendered":"  <p>Benidorm<\/p>   <p>Un calvario de seis a\u00f1os. La Guardia Civil ha conseguido liberar, a trav\u00e9s de la denominada<a href=\"https:\/\/cadenaser.com\/tag\/guardia_civil\/a\/\" target=\"_blank\" rel=\"noopener\"> operaci\u00f3n \u201c<i>Dumis<\/i>\u201d<\/a>, a una mujer de 28 a\u00f1os que era obligada a mantener relaciones sexuales con desconocidos y a consumir sustancias estupefacientes para mantener esas relaciones en una vivienda de <a href=\"https:\/\/cadenaser.com\/tag\/vila_joiosa\/a\/\" target=\"_blank\" rel=\"noopener\">La Vila Joiosa<\/a>. <\/p>   <p>El autor, seg\u00fan ha informado el cuerpo en un comunicado, ha sido puesto a disposici\u00f3n del Juzgado de Instrucci\u00f3n n\u00famero tres de esta localidad alicantina. Tribunal que ha decretado su ingreso en prisi\u00f3n imputado por los delitos de trata de seres humanos, agresi\u00f3n sexual y lesiones.<\/p>   <p>A finales del mes de septiembre, la benem\u00e9rita tuvo conocimiento de la posible existencia de un caso de trata de seres humanos en un domicilio de La Vila. Inmediatamente, los agentes del Equipo Mujer-Menor (EMUME) de la Unidad Org\u00e1nica de Polic\u00eda Judicial de la Guardia Civil, junto con el Equipo de Polic\u00eda Judicial de Villajoyosa, iniciaron el operativo para la localizar a la v\u00edctima y detener al autor.<\/p>   <p><p>M\u00e1s informaci\u00f3n<\/p><figure><img decoding=\"async\" src=\"https:\/\/cadenaser.com\/resizer\/9DpXE_x5ZQri7s6gZS5NtLyEZpY=\/650x366\/filters:quality(70)\/cloudfront-eu-central-1.images.arcpublishing.com\/prisaradio\/T3TTP3IVE5FWTIRCQTCB4V4T2Y.jpg\" loading=\"lazy\" width=\"828\" height=\"621\" \/><\/figure><ul><li><a href=\"https:\/\/cadenaser.com\/comunitat-valenciana\/2023\/12\/21\/desmantelado-en-la-vila-joiosa-un-taller-clandestino-de-armas-de-guerra-y-explosivos-radio-benidorm\/\">Desmantelado en La Vila Joiosa un taller clandestino de armas de guerra y explosivos<\/a><\/li><\/ul><\/p>   <p>Los agentes consiguieron as\u00ed localizar y liberar a la v\u00edctima, que se encontraba retenida en un domicilio en el que viv\u00eda junto al autor, un hombre de 54 a\u00f1os, detenido en ese mismo momento.<\/p>   <p>Los investigadores, durante el registro realizado en la vivienda, localizaron evidencias de la comisi\u00f3n del delito de trata de seres humanos con fines de explotaci\u00f3n sexual. Los agentes conocieron que la v\u00edctima era agredida f\u00edsicamente cuando no quer\u00eda mantener relaciones, as\u00ed como obligada a consumir estupefacientes para mantener dichas relaciones con desconocidos. Tambi\u00e9n supieron que lleg\u00f3 a Espa\u00f1a junto con el autor en 2017.<\/p>   <p>Los agentes, han explicado, contaron en todo momento con el apoyo de la ONG Fiet Gratia, quien asisti\u00f3 a la v\u00edctima durante la actuaci\u00f3n e instrucci\u00f3n de diligencias.<\/p> ","protected":false},"excerpt":{"rendered":"<p>Llevaba seis a\u00f1os en esta situaci\u00f3n<\/p>\n","protected":false},"author":0,"featured_media":1105,"comment_status":"open","ping_status":"open","sticky":false,"template":"","format":"standard","meta":{"_acf_changed":false,"footnotes":""},"categories":[1],"tags":[],"class_list":["post-1104","post","type-post","status-publish","format-standard","has-post-thumbnail","hentry","category-sin-categoria"],"acf":{"ser_id":"K7WU4LF3W5G4LG4Z6OPGEKLYYA","ser_url":"https:\/\/cadenaser.com\/comunitat-valenciana\/2024\/01\/04\/la-guardia-civil-libera-a-una-mujer-obligada-a-prostituirse-en-la-vila-joiosa-radio-benidorm\/"},"_links":{"self":[{"href":"https:\/\/serbenidorm.daliisolutions.com\/index.php\/wp-json\/wp\/v2\/posts\/1104","targetHints":{"allow":["GET"]}}],"collection":[{"href":"https:\/\/serbenidorm.daliisolutions.com\/index.php\/wp-json\/wp\/v2\/posts"}],"about":[{"href":"https:\/\/serbenidorm.daliisolutions.com\/index.php\/wp-json\/wp\/v2\/types\/post"}],"replies":[{"embeddable":true,"href":"https:\/\/serbenidorm.daliisolutions.com\/index.php\/wp-json\/wp\/v2\/comments?post=1104"}],"version-history":[{"count":0,"href":"https:\/\/serbenidorm.daliisolutions.com\/index.php\/wp-json\/wp\/v2\/posts\/1104\/revisions"}],"wp:featuredmedia":[{"embeddable":true,"href":"https:\/\/serbenidorm.daliisolutions.com\/index.php\/wp-json\/wp\/v2\/media\/1105"}],"wp:attachment":[{"href":"https:\/\/serbenidorm.daliisolutions.com\/index.php\/wp-json\/wp\/v2\/media?parent=1104"}],"wp:term":[{"taxonomy":"category","embeddable":true,"href":"https:\/\/serbenidorm.daliisolutions.com\/index.php\/wp-json\/wp\/v2\/categories?post=1104"},{"taxonomy":"post_tag","embeddable":true,"href":"https:\/\/serbenidorm.daliisolutions.com\/index.php\/wp-json\/wp\/v2\/tags?post=1104"}],"curies":[{"name":"wp","href":"https:\/\/api.w.org\/{rel}","templated":true}]}}