{"id":11058,"date":"2024-12-10T08:21:36","date_gmt":"2024-12-10T07:21:36","guid":{"rendered":"https:\/\/serbenidorm.daliisolutions.com\/index.php\/2024\/12\/10\/mario-villar-pspv-psoe-la-visita-de-mazon-a-benidorm-fue-un-acto-de-cobardia\/"},"modified":"2024-12-10T08:21:36","modified_gmt":"2024-12-10T07:21:36","slug":"mario-villar-pspv-psoe-la-visita-de-mazon-a-benidorm-fue-un-acto-de-cobardia","status":"publish","type":"post","link":"https:\/\/serbenidorm.daliisolutions.com\/index.php\/2024\/12\/10\/mario-villar-pspv-psoe-la-visita-de-mazon-a-benidorm-fue-un-acto-de-cobardia\/","title":{"rendered":"Mario Villar (PSPV-PSOE): \u00abLa visita de Maz\u00f3n a Benidorm fue un acto de cobard\u00eda\u00bb"},"content":{"rendered":"  <p><div data-adtype=\"MLDB\"><\/div><\/p>   <p>Benidorm<\/p>   <p>El presidente de la Generalitat, Carlos Maz\u00f3n, visit\u00f3 Benidorm el pasado viernes con motivo del D\u00eda de la Constituci\u00f3n en el que fue su primer acto oficial tras la DANA de Valencia. Una visita que ha dado mucho que hablar en redes sociales y que el diputado auton\u00f3mico socialista, el benidormense Mario Villar, ha calificado como un \u00abacto de cobard\u00eda\u00bb.<\/p>   <p><a href=\"https:\/\/cadenaser.com\/tag\/benidorm\/a\/\" target=\"_blank\">\u00abSi dice de no celebrar un acto en Valencia, por qu\u00e9 viene a Benidorm a celebrarlo, porque tiene un refugio\u00bb<\/a>, ha asegurado antes de a\u00f1adir que \u00abno era el momento\u00bb y de volver a pedir la dimisi\u00f3n del jefe del Consell: \u00abTiene que escuchar a los m\u00e1s de cien mil valencianos que se han manifestado ya\u00bb.<\/p>   <p>Denuncia a la directora del Invattur<\/p>   <p><p>M\u00e1s informaci\u00f3n<\/p><ul><li><a href=\"https:\/\/cadenaser.com\/comunitat-valenciana\/2024\/12\/06\/mazon-cree-que-vox-estara-a-la-altura-y-no-descarta-una-partida-extraordinaria-para-la-reconstruccion-radio-alicante\/\"><span>Maz\u00f3n cree que Vox estar\u00e1 \u00aba la altura\u00bb y no descarta una \u00abpartida extraordinaria\u00bb para la reconstrucci\u00f3n<\/span><\/a><\/li><\/ul><\/p>   <p>Villar, que durante el \u00faltimo gobierno del Bot\u00e1nic fue director del Invattur, tambi\u00e9n ha hablado sobre esa denuncia presentada por la plantilla contra su actual directora Olivia Estrella.<\/p>   <p>Los trabajadores del Instituto Valenciano de Tecnolog\u00edas Tur\u00edsticas enviaron un escrito a la Conselleria para advertir de una situaci\u00f3n \u00abinsostenible\u00bb que llev\u00f3 incluso al hospital a una empleada por motivos de salud. Turisme ha abierto ya una comisi\u00f3n de investigaci\u00f3n. <\/p>   <p>\u00abNo creo que sean actos del siglo XXI y no quiero paciencia, quiero que se investigue si ha habido maltrato a los trabajadores, porque han firmado todos una carta en contra de esta directora, no solo por el trato sino por la falta de confianza y por tener parados todos los proyectos de innovaci\u00f3n\u00bb, ha se\u00f1alado el diputado del PSPV-PSOE.<\/p>   <p>     .c-w{         max-width:444px;         width:100%;         margin:32px auto;      background:#00755E;         border-radius:4px;         display:flex;         align-items:center;         justify-content:center;     }     .c-w a{         display:flex;         align-items:center;         justify-content:center;         padding:4px 24px;     }     .c-w img{         width:24px;         margin-right:12px;     }     .c-w p{         font:18px\/25px Poppins;         text-align:center;         color:#fff;         margin:0;     }     @media (max-width:444px){         .c-w a{             padding:4px 12px;         }         .c-w img{             width:24px;             margin-right:8px;         }         .c-w p{             font:14px\/25px Poppins;         }     }     @media (max-width:335px){         .c-w p{             font:13px\/25px Poppins;         }     }  <div class=\"c-w\">     <a href=\"https:\/\/www.whatsapp.com\/channel\/0029Va633PF9WtC4l7XUzh1e\" rel=\"nofollow\" target=\"_blank\">         <img decoding=\"async\" src=\"https:\/\/cadenaser.com\/estaticos\/recursosgraficos\/responsive\/img\/ico-whatsapp.svg\" alt=\"Whatsapp\">         <p>\u00danete al <b>canal de WhatsApp<\/b> de la SER<\/p>     <\/a> <\/div><\/p> ","protected":false},"excerpt":{"rendered":"<p>El diputado auton\u00f3mico tambi\u00e9n ha reclamado a la Conselleria de Turismo celeridad en la investigaci\u00f3n a la directora del Invattur por presunto &#8216;abuso de poder&#8217;<\/p>\n","protected":false},"author":0,"featured_media":11059,"comment_status":"open","ping_status":"open","sticky":false,"template":"","format":"standard","meta":{"_acf_changed":false,"footnotes":""},"categories":[1],"tags":[],"class_list":["post-11058","post","type-post","status-publish","format-standard","has-post-thumbnail","hentry","category-sin-categoria"],"acf":{"ser_id":"IMSPFDQ2YZC2VA2PCIDVKMMXM4","ser_url":"https:\/\/cadenaser.com\/comunitat-valenciana\/2024\/12\/09\/mario-villar-pspv-psoe-la-visita-de-mazon-a-benidorm-fue-un-acto-de-cobardia-radio-benidorm\/"},"_links":{"self":[{"href":"https:\/\/serbenidorm.daliisolutions.com\/index.php\/wp-json\/wp\/v2\/posts\/11058","targetHints":{"allow":["GET"]}}],"collection":[{"href":"https:\/\/serbenidorm.daliisolutions.com\/index.php\/wp-json\/wp\/v2\/posts"}],"about":[{"href":"https:\/\/serbenidorm.daliisolutions.com\/index.php\/wp-json\/wp\/v2\/types\/post"}],"replies":[{"embeddable":true,"href":"https:\/\/serbenidorm.daliisolutions.com\/index.php\/wp-json\/wp\/v2\/comments?post=11058"}],"version-history":[{"count":0,"href":"https:\/\/serbenidorm.daliisolutions.com\/index.php\/wp-json\/wp\/v2\/posts\/11058\/revisions"}],"wp:featuredmedia":[{"embeddable":true,"href":"https:\/\/serbenidorm.daliisolutions.com\/index.php\/wp-json\/wp\/v2\/media\/11059"}],"wp:attachment":[{"href":"https:\/\/serbenidorm.daliisolutions.com\/index.php\/wp-json\/wp\/v2\/media?parent=11058"}],"wp:term":[{"taxonomy":"category","embeddable":true,"href":"https:\/\/serbenidorm.daliisolutions.com\/index.php\/wp-json\/wp\/v2\/categories?post=11058"},{"taxonomy":"post_tag","embeddable":true,"href":"https:\/\/serbenidorm.daliisolutions.com\/index.php\/wp-json\/wp\/v2\/tags?post=11058"}],"curies":[{"name":"wp","href":"https:\/\/api.w.org\/{rel}","templated":true}]}}