{"id":1106,"date":"2024-01-04T16:05:30","date_gmt":"2024-01-04T15:05:30","guid":{"rendered":"https:\/\/serbenidorm.daliisolutions.com\/index.php\/2024\/01\/04\/los-reyes-magos-llegan-a-benidorm-y-la-marina-baixa-horario-y-recorrido-de-las-cabalgatas\/"},"modified":"2024-01-04T16:05:30","modified_gmt":"2024-01-04T15:05:30","slug":"los-reyes-magos-llegan-a-benidorm-y-la-marina-baixa-horario-y-recorrido-de-las-cabalgatas","status":"publish","type":"post","link":"https:\/\/serbenidorm.daliisolutions.com\/index.php\/2024\/01\/04\/los-reyes-magos-llegan-a-benidorm-y-la-marina-baixa-horario-y-recorrido-de-las-cabalgatas\/","title":{"rendered":"Los Reyes Magos llegan a Benidorm y la Marina Baixa: horario y recorrido de las cabalgatas"},"content":{"rendered":"  <p>Benidorm<\/p>   <p>Sus Majestades los Reyes Magos de Oriente van a recorrer durante este viernes la <a href=\"https:\/\/cadenaser.com\/tag\/comarca_la_marina_baixa\/a\/\">Marina Baixa<\/a> como antesala a su tradicional reparto nocturno de regalos. Con sus poderes ser\u00e1n capaces de desplazarse por toda la geograf\u00eda comarcal, municipio por municipio, con el objetivo de que cualquier ni\u00f1o pueda verlos. <\/p>   <p>Benidorm<\/p>   <p>En <a href=\"https:\/\/cadenaser.com\/tag\/benidorm\/a\/\" target=\"_blank\" rel=\"noopener\">Benidorm<\/a> Melchor, Gaspar y Baltasar partir\u00e1n en cabalgata a las 18.00 horas desde el Parque de Elche y a partir de ah\u00ed recorrer\u00e1n la avenida de Los Almendros, calles Marte, Venus, Ruzafa y Herrer\u00edas, Plaza de SSMM Reyes de Espa\u00f1a y Parque de l\u2019Aig\u00fcera hasta alcanzar el auditorio Julio Iglesias.<\/p>   <p>Adem\u00e1s, Sus Majestades ya han elegido a sus emisarios: Antonio L\u00f3pez, Ram\u00f3n Cano y Gabriel Ruiz, que estar\u00e1n acompa\u00f1ados por m\u00e1s de 800 personas. Dentro del s\u00e9quito cuatro cuerpos de baile, la Centuria Armada de Orihuela, once carrozas y cinco agrupaciones musicales de Benidorm: la Uni\u00f3n Musical, la Societat Musical l\u2019Illa, la Societat Musical La Nova, la bandeta Tropical y la Colla de Xirimiters de la Marina.<\/p>   <p>La Vila Joiosa<\/p>   <p>Los Reyes Magos tambi\u00e9n tendr\u00e1n tiempo de participar en dos cabalgatas en <a href=\"https:\/\/cadenaser.com\/tag\/vila_joiosa\/a\/\" target=\"_blank\" rel=\"noopener\">La Vila Joiosa<\/a>, una en el centro y otra en La Cala. En la primera saldr\u00e1n a las 18.30 horas desde la intersecci\u00f3n de las calles Ciutat de Val\u00e8ncia y Germans Aragon\u00e9s y recorrer\u00e1n las calles Ciutat de Val\u00e8ncia, Constituci\u00f3n, Pizarro, Col\u00f3n y Barranquet, hasta llegar al parque de la Barbera.<\/p>   <p>Se calcula la participaci\u00f3n de m\u00e1s de 300 personas con la colaboraci\u00f3n de entidades sociales del municipio, adem\u00e1s de las bandas de la Societat Ateneu Musical y la Agrupaci\u00f3n Musical Mediterr\u00e1neo, la colla Els Valerios, los grupos de danza Centener y Almadrava, la Coral Villajoyosa y la Asociaci\u00f3n Santa Marta.<\/p>   <p><p>M\u00e1s informaci\u00f3n<\/p><figure><img decoding=\"async\" src=\"https:\/\/cadenaser.com\/resizer\/S-bAFSMsO11F3UuWCaLZuUeQRsU=\/650x366\/filters:quality(70)\/cloudfront-eu-central-1.images.arcpublishing.com\/prisaradio\/VJWLOCSF5BEADOPIQWZINEHFJM.jpg\" loading=\"lazy\" width=\"828\" height=\"621\" \/><\/figure><ul><li><a href=\"https:\/\/cadenaser.com\/nacional\/2024\/01\/04\/personajes-navidenos-que-entregan-regalos-cadena-ser\/\">SER Historia: Personajes navide\u00f1os que entregan regalos<\/a><\/li><\/ul><\/p>   <p>Los Reyes tambi\u00e9n visitar\u00e1n la Cala con salida a las 18.00 horas de la avenida Marina Baixa y recorrido por la avenida Mariners de la Vila y las calles Llebeig y Mitjorn, hasta llegar a la avenida Rosa dels Vents, en cuya plaza Sus Majestades repartir\u00e1n juguetes a los ni\u00f1os y ni\u00f1as.<\/p>   <p>Altea<\/p>   <p>Desde el Ayuntamiento de <a href=\"https:\/\/cadenaser.com\/tag\/altea\/a\/\" target=\"_blank\" rel=\"noopener\">Altea<\/a> se ha informado que, dado el volumen de trabajo que tienen los Reyes Magos, las comisiones de fiestas del Cristo del Sagrario y Santa Anna ser\u00e1n las que preparen las listas de ni\u00f1os que van a recibir los regalos una vez acabadas las cabalgatas.<\/p>   <p>Cabalgatas que ser\u00e1n este viernes a partir de las 18.00 horas en el n\u00facleo de la villa blanca con finalizaci\u00f3n en la Plaza de los Deportes y el s\u00e1bado en Altea la Vella a partir de las 11.00 horas con finalizaci\u00f3n en el Centro Cultural.<\/p>   <p>L&#8217;Alf\u00e0s del Pi<\/p>   <p>La recepci\u00f3n a Sus Majestades de Oriente en<a href=\"https:\/\/cadenaser.com\/tag\/lalfas_del_pi\/a\/\" target=\"_blank\" rel=\"noopener\"> l&#8217;Alf\u00e0s del Pi<\/a> tendr\u00e1 lugar a las 18.30 horas en la explanada de la Casa de Cultura. Habr\u00e1 animaci\u00f3n infantil, regalos para todos los asistentes, merienda con chocolate y magdalenas y un Bel\u00e9n viviente. Actividades organizadas en colaboraci\u00f3n con Majorals del Sant\u00edssim Crist del Bon Encert 2024.<\/p>   <p>La Nuc\u00eda<\/p>   <p>La cabalgata de Reyes de <a href=\"https:\/\/cadenaser.com\/tag\/la_nucia\/a\/\" target=\"_blank\" rel=\"noopener\">La Nuc\u00eda<\/a> empezar\u00e1 a las 18.00 horas y recorrer\u00e1 la avinguda Marina Baixa, avinguda Carretera, carrer Esgl\u00e9sia y carrer Parad\u00eds.<i> <\/i>Al finalizar el recorrido realizar\u00e1n el tradicional reparto de regalos a los ni\u00f1os en l\u2019Auditori. Cabalgatay entrega de regalos coordinada por el Grup Scout La Nuc\u00eda, ayudados por los Majorals 2024-Penya Els Penjats.<\/p>   <p>Finestrat<\/p>   <p>La magia de la Navidad hace posible que los Reyes Magos pr\u00e1cticamente lleguen al mismo tiempo a La Cala, como indic\u00e1bamos en el apartado de La Vila, y al casco hist\u00f3rico de<a href=\"https:\/\/cadenaser.com\/tag\/finestrat\/a\/\" target=\"_blank\" rel=\"noopener\"> Finestrat<\/a>. <\/p>   <p>En este caso la cabalgata partir\u00e1 un poco m\u00e1s tarde, sobre las 18.30 horas desde El Raval. Recorrer\u00e1 la Avenida Benidorm, el carrer Fonteta y el carrer Nou hasta llegar a la Pla\u00e7a del Poble. Todo ello acompa\u00f1ado por la m\u00fasica de la banda del Centre Musical Puig Campana y conocidos personajes de animaci\u00f3n infantil.<\/p>   <p>Callosa d&#8217;En Sarri\u00e0<\/p>   <p>Los Reyes llegan temprano a <a href=\"https:\/\/cadenaser.com\/tag\/callosa_den_sarria\/a\/\" target=\"_blank\" rel=\"noopener\">Callosa d&#8217;En Sarri\u00e0<\/a>. Ser\u00e1 a las 17:45 cuando parta el desfile que recorrer\u00e1 \u00abLa Grava\u00bb (carretera de Alicante), la avenida Jaume I, la calle Sant Francesc y Mayor hasta desembocar en la Iglesia de San Juan Bautista.<\/p>   <p>Polop<\/p>   <p>Las calles y plazas de <a href=\"https:\/\/cadenaser.com\/tag\/polop\/a\/\" target=\"_blank\" rel=\"noopener\">Polop<\/a> tambi\u00e9n est\u00e1n preparadas para recibir a los Reyes, que arrancar\u00e1n su recorrido a partir de las 18.00 horas desde el puente, en la avenida Gabriel Mir\u00f3, para llegar a la Plaza de la Pur\u00edsima. <\/p>   <p>Un evento organizado por la asociaci\u00f3n Cavalcada de Reis Polop y que cuenta adem\u00e1s con la colaboraci\u00f3n de la Asociaci\u00f3n Amics de la Cord\u00e0, la Colla de dol\u00e7ainers i tabaleters El  Ginjoler, la Associaci\u00f3 de Penyes el Porrat, el estudio de danza Bel\u00e9n L\u00f3pez, los Majorals Polop 2024, as\u00ed como las asociaciones de Amas de Casa y Agr\u00edcola El Tossal.<\/p> ","protected":false},"excerpt":{"rendered":"<p>Toda la informaci\u00f3n sobre los desfiles de Benidorm, La Vila Joiosa, Altea, L&#8217;Alf\u00e0s del Pi, La Nuc\u00eda, Finestrat, Callosa d&#8217;En Sarri\u00e0 y Polop<\/p>\n","protected":false},"author":0,"featured_media":1107,"comment_status":"open","ping_status":"open","sticky":false,"template":"","format":"standard","meta":{"_acf_changed":false,"footnotes":""},"categories":[1],"tags":[],"class_list":["post-1106","post","type-post","status-publish","format-standard","has-post-thumbnail","hentry","category-sin-categoria"],"acf":{"ser_id":"2U3QHJPEEZCXFG2XW4YEFWHS3I","ser_url":"https:\/\/cadenaser.com\/comunitat-valenciana\/2024\/01\/04\/los-reyes-magos-llegan-a-benidorm-y-la-marina-baixa-horario-y-recorrido-de-las-cabalgatas-radio-benidorm\/"},"_links":{"self":[{"href":"https:\/\/serbenidorm.daliisolutions.com\/index.php\/wp-json\/wp\/v2\/posts\/1106","targetHints":{"allow":["GET"]}}],"collection":[{"href":"https:\/\/serbenidorm.daliisolutions.com\/index.php\/wp-json\/wp\/v2\/posts"}],"about":[{"href":"https:\/\/serbenidorm.daliisolutions.com\/index.php\/wp-json\/wp\/v2\/types\/post"}],"replies":[{"embeddable":true,"href":"https:\/\/serbenidorm.daliisolutions.com\/index.php\/wp-json\/wp\/v2\/comments?post=1106"}],"version-history":[{"count":0,"href":"https:\/\/serbenidorm.daliisolutions.com\/index.php\/wp-json\/wp\/v2\/posts\/1106\/revisions"}],"wp:featuredmedia":[{"embeddable":true,"href":"https:\/\/serbenidorm.daliisolutions.com\/index.php\/wp-json\/wp\/v2\/media\/1107"}],"wp:attachment":[{"href":"https:\/\/serbenidorm.daliisolutions.com\/index.php\/wp-json\/wp\/v2\/media?parent=1106"}],"wp:term":[{"taxonomy":"category","embeddable":true,"href":"https:\/\/serbenidorm.daliisolutions.com\/index.php\/wp-json\/wp\/v2\/categories?post=1106"},{"taxonomy":"post_tag","embeddable":true,"href":"https:\/\/serbenidorm.daliisolutions.com\/index.php\/wp-json\/wp\/v2\/tags?post=1106"}],"curies":[{"name":"wp","href":"https:\/\/api.w.org\/{rel}","templated":true}]}}