{"id":11060,"date":"2024-12-10T08:21:39","date_gmt":"2024-12-10T07:21:39","guid":{"rendered":"https:\/\/serbenidorm.daliisolutions.com\/index.php\/2024\/12\/10\/asi-estan-los-arboles-de-benidorm-tras-los-ultimos-episodios-de-viento\/"},"modified":"2024-12-10T08:21:39","modified_gmt":"2024-12-10T07:21:39","slug":"asi-estan-los-arboles-de-benidorm-tras-los-ultimos-episodios-de-viento","status":"publish","type":"post","link":"https:\/\/serbenidorm.daliisolutions.com\/index.php\/2024\/12\/10\/asi-estan-los-arboles-de-benidorm-tras-los-ultimos-episodios-de-viento\/","title":{"rendered":"As\u00ed est\u00e1n los arboles de Benidorm tras los \u00faltimos episodios de viento"},"content":{"rendered":"  <p><div data-adtype=\"MLDB\"><\/div><\/p>   <p>Benidorm<\/p>   <p>El episodio de viento que hemos vivido en estos \u00faltimos d\u00edas ha reavivado un problema que se hizo muy presente este verano: la ca\u00edda de \u00e1rboles. En ese momento fueron varios los ejemplares que sufrieron derribos o roturas de ramas a causa del estr\u00e9s h\u00eddrico por la falta de lluvias. Ahora el responsable ha sido el aire. <\/p>   <p>El edil de parques y jardines, Jos\u00e9 Ram\u00f3n Gonz\u00e1lez de Z\u00e1rate ha explicado as\u00ed la problem\u00e1tica en <a href=\"https:\/\/cadenaser.com\/tag\/benidorm\/a\/\" target=\"_blank\">Hoy por Hoy Benidorm<\/a>: \u00abNos preocupan algunas enfermedades que presentan los \u00e1rboles, como el el picudo de la palmera o el tomicus del pino. El tema es la estabilidad, porque aunque parezcan perfectos por fuera est\u00e1n agujereados por dentro y de la noche a la ma\u00f1ana se nos pueden caer\u00bb<\/p>   <p>El concejal ha se\u00f1alado que siguen los trabajos de cuida y poda de los \u00e1rboles por los distintos barrios de la ciudad, que algunos se intentan recuperar en el vivero y que antes de final de a\u00f1o se van a plantar un centenar de ejemplares nuevos.<\/p>   <p>La obra de la avenida Montecarlo<\/p>   <p>Gonz\u00e1lez de Z\u00e1rate, que tambi\u00e9n ha hecho durante la entrevista una radiograf\u00eda de las obras y proyectos en marcha en la capital tur\u00edstica, ha adelantado que la concesionaria municipal ha retomado los trabajos de renovaci\u00f3n de infraestructuras de agua potable y alcantarillado en la avenida Montecarlo, en el Rinc\u00f3n de Loix. <\/p>   <p>Todo despu\u00e9s de haber tenido lugar la pasada semana el acto de comprobaci\u00f3n y medici\u00f3n de obra con la anterior empresa adjudicataria, Vainsa, que abandon\u00f3 la actuaci\u00f3n despu\u00e9s de haber empezado las obras.<\/p>   <p>     .c-w{         max-width:444px;         width:100%;         margin:32px auto;      background:#00755E;         border-radius:4px;         display:flex;         align-items:center;         justify-content:center;     }     .c-w a{         display:flex;         align-items:center;         justify-content:center;         padding:4px 24px;     }     .c-w img{         width:24px;         margin-right:12px;     }     .c-w p{         font:18px\/25px Poppins;         text-align:center;         color:#fff;         margin:0;     }     @media (max-width:444px){         .c-w a{             padding:4px 12px;         }         .c-w img{             width:24px;             margin-right:8px;         }         .c-w p{             font:14px\/25px Poppins;         }     }     @media (max-width:335px){         .c-w p{             font:13px\/25px Poppins;         }     }  <div class=\"c-w\">     <a href=\"https:\/\/www.whatsapp.com\/channel\/0029Va633PF9WtC4l7XUzh1e\" rel=\"nofollow\" target=\"_blank\">         <img decoding=\"async\" src=\"https:\/\/cadenaser.com\/estaticos\/recursosgraficos\/responsive\/img\/ico-whatsapp.svg\" alt=\"Whatsapp\">         <p>\u00danete al <b>canal de WhatsApp<\/b> de la SER<\/p>     <\/a> <\/div><\/p> ","protected":false},"excerpt":{"rendered":"<p>Algunas zonas verdes fueron cerradas el domingo por la tarde como medida preventiva y se han ca\u00eddo dos ejemplares sin provocar da\u00f1os<\/p>\n","protected":false},"author":0,"featured_media":11061,"comment_status":"open","ping_status":"open","sticky":false,"template":"","format":"standard","meta":{"_acf_changed":false,"footnotes":""},"categories":[1],"tags":[],"class_list":["post-11060","post","type-post","status-publish","format-standard","has-post-thumbnail","hentry","category-sin-categoria"],"acf":{"ser_id":"RVQPNXXQMVGLXCKTC6XNZFJTFE","ser_url":"https:\/\/cadenaser.com\/comunitat-valenciana\/2024\/12\/09\/asi-estan-los-arboles-de-benidorm-tras-los-ultimos-episodios-de-viento-radio-benidorm\/"},"_links":{"self":[{"href":"https:\/\/serbenidorm.daliisolutions.com\/index.php\/wp-json\/wp\/v2\/posts\/11060","targetHints":{"allow":["GET"]}}],"collection":[{"href":"https:\/\/serbenidorm.daliisolutions.com\/index.php\/wp-json\/wp\/v2\/posts"}],"about":[{"href":"https:\/\/serbenidorm.daliisolutions.com\/index.php\/wp-json\/wp\/v2\/types\/post"}],"replies":[{"embeddable":true,"href":"https:\/\/serbenidorm.daliisolutions.com\/index.php\/wp-json\/wp\/v2\/comments?post=11060"}],"version-history":[{"count":0,"href":"https:\/\/serbenidorm.daliisolutions.com\/index.php\/wp-json\/wp\/v2\/posts\/11060\/revisions"}],"wp:featuredmedia":[{"embeddable":true,"href":"https:\/\/serbenidorm.daliisolutions.com\/index.php\/wp-json\/wp\/v2\/media\/11061"}],"wp:attachment":[{"href":"https:\/\/serbenidorm.daliisolutions.com\/index.php\/wp-json\/wp\/v2\/media?parent=11060"}],"wp:term":[{"taxonomy":"category","embeddable":true,"href":"https:\/\/serbenidorm.daliisolutions.com\/index.php\/wp-json\/wp\/v2\/categories?post=11060"},{"taxonomy":"post_tag","embeddable":true,"href":"https:\/\/serbenidorm.daliisolutions.com\/index.php\/wp-json\/wp\/v2\/tags?post=11060"}],"curies":[{"name":"wp","href":"https:\/\/api.w.org\/{rel}","templated":true}]}}