{"id":11062,"date":"2024-12-10T08:21:40","date_gmt":"2024-12-10T07:21:40","guid":{"rendered":"https:\/\/serbenidorm.daliisolutions.com\/index.php\/2024\/12\/10\/mas-de-cien-marineros-de-villajoyosa-protestan-en-madrid-por-los-recortes-de-la-union-europa-al-sector\/"},"modified":"2024-12-10T08:21:40","modified_gmt":"2024-12-10T07:21:40","slug":"mas-de-cien-marineros-de-villajoyosa-protestan-en-madrid-por-los-recortes-de-la-union-europa-al-sector","status":"publish","type":"post","link":"https:\/\/serbenidorm.daliisolutions.com\/index.php\/2024\/12\/10\/mas-de-cien-marineros-de-villajoyosa-protestan-en-madrid-por-los-recortes-de-la-union-europa-al-sector\/","title":{"rendered":"M\u00e1s de cien marineros de Villajoyosa protestan en Madrid por los recortes de la Uni\u00f3n Europa al sector"},"content":{"rendered":"  <p><div data-adtype=\"MLDB\"><\/div><\/p>   <p>La Vila Joiosa &#8211; Madrid<\/p>   <p>M\u00e1s de un centenar de marineros de Villajoyosa han participado esta ma\u00f1ana en la manifestaci\u00f3n para protestar contra la nueva medida anunciada por la Uni\u00f3n Europea de limitar a 27 los d\u00edas de faena de las embarcaciones de arrastre en el mar Mediterr\u00e1neo.<\/p>   <p>A la movilizaci\u00f3n, convocada en Madrid ante la sede de las instituciones europeas en Espa\u00f1a, tambi\u00e9n asist\u00eda el alcalde Marcos Zaragoza, que ha atendido en directo desde all\u00ed a <a href=\"https:\/\/cadenaser.com\/tag\/benidorm\/a\/\" target=\"_blank\">Hoy por Hoy Benidorm <\/a>para mostrar su posicionamiento \u00absin paliativos\u00bb con un sector \u00abvital\u00bb para la localidad.<\/p>  <p><p>M\u00e1s informaci\u00f3n<\/p><figure><img loading=\"lazy\" decoding=\"async\" src=\"https:\/\/cadenaser.com\/resizer\/v2\/LEPIHOIF2NEJVH2U6DAYZ5WUTE.jpeg?auth=3320dd774631c4e1ce1db7691fab57d211e53bd71fa94dd1c7b67516831dea99&amp;quality=70&amp;width=360&amp;height=202&amp;smart=true\" width=\"820\" height=\"621\" \/><\/figure><ul><li><a href=\"https:\/\/cadenaser.com\/comunitat-valenciana\/2024\/12\/03\/los-pescadores-de-villajoyosa-en-guerra-con-europa-por-limitar-a-27-los-dias-laborales-en-2025-radio-benidorm\/\"><span>Entrevista al patr\u00f3n mayor de la Cofrad\u00eda de Pescadores de La Vila<\/span><\/a><\/li><\/ul><\/p>   <p>La protesta ha sido organizada por la Federaci\u00f3n Nacional de Cofrad\u00edas de Pescadores (FNCP) y por la patronal de armadores Cepesca coincidiendo con el inicio del Consejo de Ministros de Pesca de la Uni\u00f3n Europea en Bruselas que negociar\u00e1 las cuotas, con la propuesta sobre los recortes del Mediterr\u00e1neo, entre ellas, para ser aplicadas en 2025.<\/p>   <p>En la movilizaci\u00f3n han participado pescadores de los puertos del Mediterr\u00e1neo (Andaluc\u00eda, Murcia, Baleares, Comunidad Valenciana y Catalu\u00f1a) quienes han entregado un manifiesto a la representaci\u00f3n del Parlamento Europeo en Madrid y que leer\u00e1n durante los dos d\u00edas de concentraciones.<\/p>   <p>De hecho, hoy y ma\u00f1ana, los puertos y lonjas del litoral mediterr\u00e1neo han paralizado su actividad en se\u00f1al de protesta y ma\u00f1ana, <a href=\"https:\/\/cadenaser.com\/tag\/vila_joiosa\/a\/\" target=\"_blank\">la Cofrad\u00eda de Pescadores de Villajoyosa, al igual que el resto de cofrad\u00edas, ha convocado una concentraci\u00f3n de la ciudadan\u00eda en el puerto con el fin de visibilizar la protesta<\/a>. A las 13:00 se leer\u00e1 el manifiesto reivindicativo y sonar\u00e1n las bocinas de todas las embarcaciones a la vez en se\u00f1al de protesta.<\/p>   <p>     .c-w{         max-width:444px;         width:100%;         margin:32px auto;      background:#00755E;         border-radius:4px;         display:flex;         align-items:center;         justify-content:center;     }     .c-w a{         display:flex;         align-items:center;         justify-content:center;         padding:4px 24px;     }     .c-w img{         width:24px;         margin-right:12px;     }     .c-w p{         font:18px\/25px Poppins;         text-align:center;         color:#fff;         margin:0;     }     @media (max-width:444px){         .c-w a{             padding:4px 12px;         }         .c-w img{             width:24px;             margin-right:8px;         }         .c-w p{             font:14px\/25px Poppins;         }     }     @media (max-width:335px){         .c-w p{             font:13px\/25px Poppins;         }     }  <div class=\"c-w\">     <a href=\"https:\/\/www.whatsapp.com\/channel\/0029Va633PF9WtC4l7XUzh1e\" rel=\"nofollow\" target=\"_blank\">         <img decoding=\"async\" src=\"https:\/\/cadenaser.com\/estaticos\/recursosgraficos\/responsive\/img\/ico-whatsapp.svg\" alt=\"Whatsapp\">         <p>\u00danete al <b>canal de WhatsApp<\/b> de la SER<\/p>     <\/a> <\/div><\/p> ","protected":false},"excerpt":{"rendered":"<p>Este martes a las 13 h. hay convocada una concentraci\u00f3n de apoyo a los pescadores en el puerto vilero<\/p>\n","protected":false},"author":0,"featured_media":11063,"comment_status":"open","ping_status":"open","sticky":false,"template":"","format":"standard","meta":{"_acf_changed":false,"footnotes":""},"categories":[1],"tags":[],"class_list":["post-11062","post","type-post","status-publish","format-standard","has-post-thumbnail","hentry","category-sin-categoria"],"acf":{"ser_id":"VQGHMZT5LVA6ZKEINT7L23GW2M","ser_url":"https:\/\/cadenaser.com\/comunitat-valenciana\/2024\/12\/09\/mas-de-cien-marineros-de-villajoyosa-se-unen-a-las-protestas-en-madrid-por-los-recortes-de-la-union-europa-al-sector-radio-benidorm\/"},"_links":{"self":[{"href":"https:\/\/serbenidorm.daliisolutions.com\/index.php\/wp-json\/wp\/v2\/posts\/11062","targetHints":{"allow":["GET"]}}],"collection":[{"href":"https:\/\/serbenidorm.daliisolutions.com\/index.php\/wp-json\/wp\/v2\/posts"}],"about":[{"href":"https:\/\/serbenidorm.daliisolutions.com\/index.php\/wp-json\/wp\/v2\/types\/post"}],"replies":[{"embeddable":true,"href":"https:\/\/serbenidorm.daliisolutions.com\/index.php\/wp-json\/wp\/v2\/comments?post=11062"}],"version-history":[{"count":0,"href":"https:\/\/serbenidorm.daliisolutions.com\/index.php\/wp-json\/wp\/v2\/posts\/11062\/revisions"}],"wp:featuredmedia":[{"embeddable":true,"href":"https:\/\/serbenidorm.daliisolutions.com\/index.php\/wp-json\/wp\/v2\/media\/11063"}],"wp:attachment":[{"href":"https:\/\/serbenidorm.daliisolutions.com\/index.php\/wp-json\/wp\/v2\/media?parent=11062"}],"wp:term":[{"taxonomy":"category","embeddable":true,"href":"https:\/\/serbenidorm.daliisolutions.com\/index.php\/wp-json\/wp\/v2\/categories?post=11062"},{"taxonomy":"post_tag","embeddable":true,"href":"https:\/\/serbenidorm.daliisolutions.com\/index.php\/wp-json\/wp\/v2\/tags?post=11062"}],"curies":[{"name":"wp","href":"https:\/\/api.w.org\/{rel}","templated":true}]}}