{"id":11091,"date":"2024-12-10T14:19:20","date_gmt":"2024-12-10T13:19:20","guid":{"rendered":"https:\/\/serbenidorm.daliisolutions.com\/index.php\/2024\/12\/10\/la-copa-del-mundo-de-ciclocross-vuelve-a-benidorm-como-nunca-la-imaginamos\/"},"modified":"2024-12-10T14:19:20","modified_gmt":"2024-12-10T13:19:20","slug":"la-copa-del-mundo-de-ciclocross-vuelve-a-benidorm-como-nunca-la-imaginamos","status":"publish","type":"post","link":"https:\/\/serbenidorm.daliisolutions.com\/index.php\/2024\/12\/10\/la-copa-del-mundo-de-ciclocross-vuelve-a-benidorm-como-nunca-la-imaginamos\/","title":{"rendered":"La Copa del Mundo de ciclocross vuelve a Benidorm \u201ccomo nunca la imaginamos\u201d"},"content":{"rendered":"  <p><div data-adtype=\"MLDB\"><\/div><\/p>   <p>Benidorm<\/p>   <p>La impresionante terraza del edificio El Torrej\u00f3, frente a la bah\u00eda mediterr\u00e1nea formada por la playa de Levante de Benidorm, fue el escenario escogido para la presentaci\u00f3n de la Copa del Mundo de Ciclocross que el pr\u00f3ximo d\u00eda 19 de enero llegar\u00e1 a su tercera edici\u00f3n en la capital tur\u00edstica. Casi medio centenar de personas entre autoridades, invitados y medios de comunicaci\u00f3n asistieron al acto que, a 40 d\u00edas de su celebraci\u00f3n, lanza oficialmente la cuenta atr\u00e1s de la gran fiesta del ciclocross en Espa\u00f1a.<\/p>   <p>El gran \u00eddolo local, Felipe Orts, ya cuenta con un rival de campanillas asegurado en el belga Wout van Aert, vigente campe\u00f3n de la prueba. Adem\u00e1s, en categor\u00eda femenina, las neerlandesas Fem van Empel y Puck Pieterse, que se jugaron la victoria en las dos ediciones precedentes, han marcado en su calendario la cita del pr\u00f3ximo domingo 19 de enero.<\/p>   <p>\u201cCuando iniciamos este proyecto, era una locura\u201d, evoca Pascual Momparler, m\u00e1ximo responsable de la organizaci\u00f3n. \u201cNos hemos volcado todos, desde instituciones y amigos hasta los mejores ciclistas del mundo. No obstante, el \u00e9xito de este evento es el p\u00fablico: todas las personas que vienen y que provocan que las estrellas quieran venir. Y, si todos esos espectadores quieren y pueden venir, es gracias a Benidorm y a su gran oferta en la hosteler\u00eda, tanto en restauraci\u00f3n como en alojamiento, y en ocio, con zonas de fiesta y tambi\u00e9n de relax. Eso nos permite que haya mil motivos para que el p\u00fablico acuda a nuestro evento\u201d.<\/p>   <p>\u201cEste evento supone lo que nunca imaginamos\u201d, asevera Toni Pe\u0301rez, alcalde de Benidorm y Presidente de la Diputacio\u0301n de Alicante. \u201cNosotros apostamos por intuici\u00f3n, porque nuestra esencia es el sol y playa y tambi\u00e9n temporadas \u2018majas\u2019, nunca bajas, como enero. Celebrar un evento deportivo en ese momento, pudiendo ofrecer al mundo una vista de la realidad de este destino, es una maravilla. El escenario de esta prueba son los parques de Foietes y El Moralet, con la bah\u00eda de fondo, permiti\u00e9ndonos una combinaci\u00f3n \u00fanica de verde y azul que se proyecta a nivel nacional e internacional gracias a la Copa del Mundo de Ciclocross\u201d.<\/p>   <p>\u201cLa Comunidad Valenciana siempre va a apostar por el deporte porque es un gran activo para nuestra regi\u00f3n\u201d, aduce Luis Cervera, Director General d\u2019Esport de la Generalitat Valenciana. \u201c\u00c9ste es el lugar donde todo el mundo quiere organizar eventos deportivos porque se cumplen todas las condiciones: orograf\u00eda, meteorolog\u00eda, experiencia, infraestructura\u2026 Esta prueba es un gran ejemplo de ello y cumple con todo lo que nosotros buscamos, desde la promoci\u00f3n del deporte de base hasta la repercusi\u00f3n directa, el impacto medi\u00e1tico y la difusi\u00f3n de nuestras marcas tur\u00edsticas. Y, adem\u00e1s, es paritario ya que ofrece la misma tribuna a hombres y mujeres\u201d.<\/p>   <p>     .c-w{         max-width:444px;         width:100%;         margin:32px auto;      background:#00755E;         border-radius:4px;         display:flex;         align-items:center;         justify-content:center;     }     .c-w a{         display:flex;         align-items:center;         justify-content:center;         padding:4px 24px;     }     .c-w img{         width:24px;         margin-right:12px;     }     .c-w p{         font:18px\/25px Poppins;         text-align:center;         color:#fff;         margin:0;     }     @media (max-width:444px){         .c-w a{             padding:4px 12px;         }         .c-w img{             width:24px;             margin-right:8px;         }         .c-w p{             font:14px\/25px Poppins;         }     }     @media (max-width:335px){         .c-w p{             font:13px\/25px Poppins;         }     }  <div class=\"c-w\">     <a href=\"https:\/\/www.whatsapp.com\/channel\/0029Va633PF9WtC4l7XUzh1e\" rel=\"nofollow\" target=\"_blank\">         <img decoding=\"async\" src=\"https:\/\/cadenaser.com\/estaticos\/recursosgraficos\/responsive\/img\/ico-whatsapp.svg\" alt=\"Whatsapp\">         <p>\u00danete al <b>canal de WhatsApp<\/b> de la SER<\/p>     <\/a> <\/div><\/p>   <p>\u201cCorrer en Benidorm es muy especial para m\u00ed\u201d, explica Felipe Orts, ciclista de Ridley Racing Team, campeo\u0301n de Espan\u0303a y subcampeo\u0301n de Europa de ciclocross. \u201cLa primera edici\u00f3n fue una experiencia incre\u00edble, y la segunda incluso la super\u00f3. Todos los apasionados del deporte de Alicante est\u00e1n como locos con esta prueba; de hecho, creo que pocos eventos dan pie a vivir lo que se vive en el circuito de Foietes y El Moralet. El p\u00fablico me empuja y eso puede ser decisivo de cara a que consiga la victoria en el marco de una temporada en la que estoy entre los mejores en las pruebas de Copa del Mundo\u201d.<\/p>   <p>\u201cEl circuito cambia, como ya ocurri\u00f3 en los dos a\u00f1os anteriores\u201d, explica Pascual Momparler. \u201cHemos identificado qu\u00e9 le gusta al aficionado y tambi\u00e9n qu\u00e9 les gusta a los ciclistas. \u00c9stos nos han pedido que el recorrido fuera un poco m\u00e1s duro, que era una caracter\u00edstica que apreciaron en 2023, y que mantuvi\u00e9ramos la parte t\u00e9cnica que introdujimos en 2024. El resultado de escuchar a todo el mundo es un trazado tan t\u00e9cnico como exigente que creemos que ser\u00e1 perfecto y esperamos utilizar durante muchos a\u00f1os\u201d.<\/p>   <p>Una vez m\u00e1s, la prueba gozar\u00e1 de un complet\u00edsimo programa que abarcar\u00e1 todo el fin de semana. El s\u00e1bado 18 de enero tendr\u00e1n lugar los entrenamientos oficiales y el Benidorm CX, prueba de categor\u00eda nacional abierta a todas las categor\u00edas cuyos detalles se anunciar\u00e1n en breve. El domingo 19 ser\u00e1 el turno de la \u00e9lite mundial, con carreras de todas las categor\u00edas contempladas en la Copa del Mundo de Ciclocross UCI: juveniles y Elite, tanto masculina como femenina, as\u00ed como sub23 de chicos.<\/p>   <p>Ser\u00e1n ocho horas de ciclismo sin parar: desde las 8:30, con los primeros entrenamientos libres, hasta las 16:30, hora aproximada de finalizaci\u00f3n de la carrera Elite masculina.<\/p> ","protected":false},"excerpt":{"rendered":"<p>Felipe Orts ser\u00e1 la gran estrella de un evento en el que la afici\u00f3n espa\u00f1ola sue\u00f1a con verle pelear por el triunfo<\/p>\n","protected":false},"author":0,"featured_media":11092,"comment_status":"open","ping_status":"open","sticky":false,"template":"","format":"standard","meta":{"_acf_changed":false,"footnotes":""},"categories":[16],"tags":[],"class_list":["post-11091","post","type-post","status-publish","format-standard","has-post-thumbnail","hentry","category-deportes"],"acf":{"ser_id":"7D6PAXPA3NEZBIMVT3I3JMKYQU","ser_url":"https:\/\/cadenaser.com\/comunitat-valenciana\/2024\/12\/10\/la-copa-del-mundo-de-ciclocross-vuelve-a-benidorm-como-nunca-la-imaginamos-radio-benidorm\/"},"_links":{"self":[{"href":"https:\/\/serbenidorm.daliisolutions.com\/index.php\/wp-json\/wp\/v2\/posts\/11091","targetHints":{"allow":["GET"]}}],"collection":[{"href":"https:\/\/serbenidorm.daliisolutions.com\/index.php\/wp-json\/wp\/v2\/posts"}],"about":[{"href":"https:\/\/serbenidorm.daliisolutions.com\/index.php\/wp-json\/wp\/v2\/types\/post"}],"replies":[{"embeddable":true,"href":"https:\/\/serbenidorm.daliisolutions.com\/index.php\/wp-json\/wp\/v2\/comments?post=11091"}],"version-history":[{"count":0,"href":"https:\/\/serbenidorm.daliisolutions.com\/index.php\/wp-json\/wp\/v2\/posts\/11091\/revisions"}],"wp:featuredmedia":[{"embeddable":true,"href":"https:\/\/serbenidorm.daliisolutions.com\/index.php\/wp-json\/wp\/v2\/media\/11092"}],"wp:attachment":[{"href":"https:\/\/serbenidorm.daliisolutions.com\/index.php\/wp-json\/wp\/v2\/media?parent=11091"}],"wp:term":[{"taxonomy":"category","embeddable":true,"href":"https:\/\/serbenidorm.daliisolutions.com\/index.php\/wp-json\/wp\/v2\/categories?post=11091"},{"taxonomy":"post_tag","embeddable":true,"href":"https:\/\/serbenidorm.daliisolutions.com\/index.php\/wp-json\/wp\/v2\/tags?post=11091"}],"curies":[{"name":"wp","href":"https:\/\/api.w.org\/{rel}","templated":true}]}}