{"id":11101,"date":"2024-12-10T18:59:56","date_gmt":"2024-12-10T17:59:56","guid":{"rendered":"https:\/\/serbenidorm.daliisolutions.com\/index.php\/2024\/12\/10\/la-nucia-amplia-la-feria-solidaria-de-navidad-de-la-calle-y-plaza-mayor-con-la-casa-de-papa-noel-en-la-plaza-santa-teresa\/"},"modified":"2024-12-10T18:59:56","modified_gmt":"2024-12-10T17:59:56","slug":"la-nucia-amplia-la-feria-solidaria-de-navidad-de-la-calle-y-plaza-mayor-con-la-casa-de-papa-noel-en-la-plaza-santa-teresa","status":"publish","type":"post","link":"https:\/\/serbenidorm.daliisolutions.com\/index.php\/2024\/12\/10\/la-nucia-amplia-la-feria-solidaria-de-navidad-de-la-calle-y-plaza-mayor-con-la-casa-de-papa-noel-en-la-plaza-santa-teresa\/","title":{"rendered":"La Nuc\u00eda ampl\u00eda la Feria Solidaria de Navidad de la calle y plaza Mayor con la Casa de Papa Noel en la plaza Santa Teresa"},"content":{"rendered":"  <p><div data-adtype=\"MLDB\"><\/div><\/p>   <p>La Nuc\u00eda<\/p>   <p>La decimo cuarta edici\u00f3n de la Feria Solidaria de Navidad va a marcar un antes y un despu\u00e9s en La Nuc\u00eda con el crecimiento exponencial que va a experimentar el evento, tanto en superficie como en n\u00famero y tipolog\u00eda de actividades. As\u00ed lo han asegurado en <a href=\"https:\/\/radiobenidorm.es\/\" rel=\"nofollow\" target=\"_blank\">Hoy por Hoy Benidorm<\/a>, Beatriz P\u00e9rez-Hickman, Cristobal Llorens y Mar\u00eda Jes\u00fas Jumilla, concejales de Bienestar Social, Fiestas y Turismo, respectivamente, que son las \u00e1reas que se han unido este a\u00f1o para colaborar en la organizaci\u00f3n del certamen.<\/p>   <p>Se celebrar\u00e1 del 13 al 15 de diciembre en el casco hist\u00f3rico abarcando las plaza Mayor, calle Mayor y se expande hasta la plaza de Santa Teresa.<\/p>   <p>Tal y como ha explicado Beatriz P\u00e9rez-Hickman, la feria surgi\u00f3 con el objetivo de que las asociaciones y ONG locales tuvieran la oportunidad de exponer sus trabajos, darse a conocer y tambi\u00e9n vender los productos artesanos que confeccionan para poder tener una fuente de ingresos extra que les permita poder continuar desarrollando su labor altruista. \u00abEste a\u00f1o quer\u00eda que esta feria fuera mucho m\u00e1s grande, m\u00e1s variada y m\u00e1s visitada por eso ped\u00ed ayuda a mis compa\u00f1eros de Fiestas y Turismo que, r\u00e1pidamente, se brindaron a trabajar de forma conjunta\u00bb, relata.<\/p>   <p>As\u00ed la edici\u00f3n de este a\u00f1o contar\u00e1 con una novedad principal: la Casa de Papa Noel que \u00abdesde Servicios T\u00e9cnicos del Ayuntamiento estamos construyendo para que est\u00e9 c\u00f3modo y pueda seguir trabajando desde La Nuc\u00eda, con todo su equipo de elfos y renos, y tambi\u00e9n recibir la visita de los ni\u00f1os\u00bb, ha indicado Cristobal Llorens.<\/p>   <p>La Casa de Papa Noel estar\u00e1 ubicada en la plaza de Santa Teresa y abierta al p\u00fablico del 17:00 a 21:00 horas el viernes y de 11:00 a 21:00 horas tanto s\u00e1bado como domingo. \u00abPapa Noel recibir\u00e1 en traje de gala a los ni\u00f1os pero, como es su casa, tambi\u00e9n podremos verlo en bat\u00edn y ropa mas c\u00f3moda. Adem\u00e1s los ni\u00f1os podr\u00e1n utilizar su m\u00e1quina envolvedora de regalos y habr\u00e1 un taller de etiquetas para ayudar a los elfos a que cada regalo est\u00e9 perfectamente etiquetado y llegue al ni\u00f1o que corresponde\u00bb, a\u00f1aden Jumilla y Llorens.<\/p>   <p>     .c-w{         max-width:444px;         width:100%;         margin:32px auto;      background:#00755E;         border-radius:4px;         display:flex;         align-items:center;         justify-content:center;     }     .c-w a{         display:flex;         align-items:center;         justify-content:center;         padding:4px 24px;     }     .c-w img{         width:24px;         margin-right:12px;     }     .c-w p{         font:18px\/25px Poppins;         text-align:center;         color:#fff;         margin:0;     }     @media (max-width:444px){         .c-w a{             padding:4px 12px;         }         .c-w img{             width:24px;             margin-right:8px;         }         .c-w p{             font:14px\/25px Poppins;         }     }     @media (max-width:335px){         .c-w p{             font:13px\/25px Poppins;         }     }  <div class=\"c-w\">     <a href=\"https:\/\/www.whatsapp.com\/channel\/0029Va633PF9WtC4l7XUzh1e\" rel=\"nofollow\" target=\"_blank\">         <img decoding=\"async\" src=\"https:\/\/cadenaser.com\/estaticos\/recursosgraficos\/responsive\/img\/ico-whatsapp.svg\" alt=\"Whatsapp\">         <p>\u00danete al <b>canal de WhatsApp<\/b> de la SER<\/p>     <\/a> <\/div><\/p>   <p>La feria ofrece puestos de artesan\u00eda, art\u00edculos navide\u00f1os y actividades paralelas como actuaciones de las escuelas de baile, musicales y deportivas del municipio. Adem\u00e1s los Mayorales 2025 de la Penya el Cuc regentar\u00e1n la barra con precios populares y comida t\u00edpica nuciera.<\/p>   <p>Adem\u00e1s, los visitantes de esta XIV Feria Solidaria de Navidad tienen a su disposici\u00f3n m\u00e1s de 400 plazas de aparcamiento gratuitas en el parking de Les Nits.<\/p> ","protected":false},"excerpt":{"rendered":"<p>El Ayuntamiento implica a los departamentos de Bienestar Social, Fiestas y Turismo en la 14 edici\u00f3n de esta feria que crece en superficie y n\u00famero de actividades del 13 al 15 de diciembre<\/p>\n","protected":false},"author":0,"featured_media":11102,"comment_status":"open","ping_status":"open","sticky":false,"template":"","format":"standard","meta":{"_acf_changed":false,"footnotes":""},"categories":[1],"tags":[],"class_list":["post-11101","post","type-post","status-publish","format-standard","has-post-thumbnail","hentry","category-sin-categoria"],"acf":{"ser_id":"LWDC3UEQGJEPRFQLLEDM3QYMTU","ser_url":"https:\/\/cadenaser.com\/comunitat-valenciana\/2024\/12\/10\/la-nucia-amplia-la-feria-solidaria-de-navidad-de-la-calle-y-plaza-mayor-con-la-casa-de-papa-noel-en-la-plaza-santa-teresa-radio-benidorm\/"},"_links":{"self":[{"href":"https:\/\/serbenidorm.daliisolutions.com\/index.php\/wp-json\/wp\/v2\/posts\/11101","targetHints":{"allow":["GET"]}}],"collection":[{"href":"https:\/\/serbenidorm.daliisolutions.com\/index.php\/wp-json\/wp\/v2\/posts"}],"about":[{"href":"https:\/\/serbenidorm.daliisolutions.com\/index.php\/wp-json\/wp\/v2\/types\/post"}],"replies":[{"embeddable":true,"href":"https:\/\/serbenidorm.daliisolutions.com\/index.php\/wp-json\/wp\/v2\/comments?post=11101"}],"version-history":[{"count":0,"href":"https:\/\/serbenidorm.daliisolutions.com\/index.php\/wp-json\/wp\/v2\/posts\/11101\/revisions"}],"wp:featuredmedia":[{"embeddable":true,"href":"https:\/\/serbenidorm.daliisolutions.com\/index.php\/wp-json\/wp\/v2\/media\/11102"}],"wp:attachment":[{"href":"https:\/\/serbenidorm.daliisolutions.com\/index.php\/wp-json\/wp\/v2\/media?parent=11101"}],"wp:term":[{"taxonomy":"category","embeddable":true,"href":"https:\/\/serbenidorm.daliisolutions.com\/index.php\/wp-json\/wp\/v2\/categories?post=11101"},{"taxonomy":"post_tag","embeddable":true,"href":"https:\/\/serbenidorm.daliisolutions.com\/index.php\/wp-json\/wp\/v2\/tags?post=11101"}],"curies":[{"name":"wp","href":"https:\/\/api.w.org\/{rel}","templated":true}]}}