{"id":11134,"date":"2024-12-11T15:07:43","date_gmt":"2024-12-11T14:07:43","guid":{"rendered":"https:\/\/serbenidorm.daliisolutions.com\/index.php\/2024\/12\/11\/finestrat-reactivara-en-2025-la-redaccion-de-su-primer-pgou-que-ampliara-el-casco-urbano-en-70-000m2\/"},"modified":"2024-12-11T15:07:43","modified_gmt":"2024-12-11T14:07:43","slug":"finestrat-reactivara-en-2025-la-redaccion-de-su-primer-pgou-que-ampliara-el-casco-urbano-en-70-000m2","status":"publish","type":"post","link":"https:\/\/serbenidorm.daliisolutions.com\/index.php\/2024\/12\/11\/finestrat-reactivara-en-2025-la-redaccion-de-su-primer-pgou-que-ampliara-el-casco-urbano-en-70-000m2\/","title":{"rendered":"Finestrat reactivar\u00e1 en 2025 la redacci\u00f3n de su primer PGOU que ampliar\u00e1 el casco urbano en 70.000m2"},"content":{"rendered":"  <p><div data-adtype=\"MLDB\"><\/div><\/p>   <p>Finestrat<\/p>   <p>Finestrat se marca como objetivo para 2025 volver a poner sobre la mesa la redacci\u00f3n de un Plan General de Ordenaci\u00f3n Urbana que permita al municipio \u201ccrecer de forma sostenida\u201d y proteger alguno de sus parajes. As\u00ed lo ha adelantado su alcalde Juanfran P\u00e9rez en <a href=\"https:\/\/radiobenidorm.es\" rel=\"nofollow\" target=\"_blank\">Hoy por Hoy Benidorm<\/a> tras el desayuno de Navidad con los medios de comunicaci\u00f3n.<\/p>   <p>Un PGOU que, como la vez anterior que se tramit\u00f3 y fue tumbado, se \u201celaborar\u00e1 teniendo muy en cuenta la opini\u00f3n de nuestros vecinos a los que volveremos a pedir opini\u00f3n para que puedan hacer sus aportaciones\u201d, se\u00f1ala P\u00e9rez.<\/p>   <p>El documento prev\u00e9 recalificar entre 70.000 y 80.000 m\u00b2 de suelo en el casco urbano para hacerlo suelo urbanizable pero tambi\u00e9n proteger el anillo verde del municipio. \u201cNo pretendemos crecer mucho m\u00e1s pero si queremos que nuestros j\u00f3venes que quieren seguir viviendo en su pueblo, puedan  hacerlo\u201d, se\u00f1ala el alcalde quien tambi\u00e9n asegura que el crecimiento del casco urbano es compatible con la sostenibilidad y la protecci\u00f3n del medio ambiente. \u201cFinestrat tiene el 50% con alguna figura de protecci\u00f3n medioambiental. Y pocos municipios pueden decir que est\u00e9n rodeados por un anillo verde privilegiado: Puig Campana, Sierra Cortina, Castellets y Sierra Orxeta\u201d, indica.<\/p>   <p>Hasta la fecha Finestrat regula su desarrollo urban\u00edstico en base a unas normas subsidiarias y a planes parciales espec\u00edficos puesto que carece de Plan General. El municipio hizo un primer intento para elaborarlo en 2019 pero \u201cnos lo echaron atr\u00e1s\u201d relata P\u00e9rez.<\/p>   <p>El alcalde tambi\u00e9n a destacado el inicio de las obras del primer instituto de la localidad como uno de los principales logros de 2024.  El lunes 25 de noviembre comenzaron las obras en una parcela de 11.000m2 cedida por el Ayuntamiento a Generalitat, en la zona de urbanizaciones. Tendr\u00e1 12 aulas de la ESO, 4 de Bachiller y 2 de FP de Administrativo &amp; Electromec\u00e1nica. Y un presupuesto asumido por la Generalitat de 12.696.647 euros.<\/p>   <p>     .c-w{         max-width:444px;         width:100%;         margin:32px auto;      background:#00755E;         border-radius:4px;         display:flex;         align-items:center;         justify-content:center;     }     .c-w a{         display:flex;         align-items:center;         justify-content:center;         padding:4px 24px;     }     .c-w img{         width:24px;         margin-right:12px;     }     .c-w p{         font:18px\/25px Poppins;         text-align:center;         color:#fff;         margin:0;     }     @media (max-width:444px){         .c-w a{             padding:4px 12px;         }         .c-w img{             width:24px;             margin-right:8px;         }         .c-w p{             font:14px\/25px Poppins;         }     }     @media (max-width:335px){         .c-w p{             font:13px\/25px Poppins;         }     }  <div class=\"c-w\">     <a href=\"https:\/\/www.whatsapp.com\/channel\/0029Va633PF9WtC4l7XUzh1e\" rel=\"nofollow\" target=\"_blank\">         <img decoding=\"async\" src=\"https:\/\/cadenaser.com\/estaticos\/recursosgraficos\/responsive\/img\/ico-whatsapp.svg\" alt=\"Whatsapp\">         <p>\u00danete al <b>canal de WhatsApp<\/b> de la SER<\/p>     <\/a> <\/div><\/p>   <p>Ademas, ha avanzado que el municipio proyecta comenzar el a\u00f1o que viene las obras de la segunda escuela infantil municipal en la zona de las urbanizaciones con m\u00e1s de 110 plazas para menores de 3 a\u00f1os. Un proyecto que supondr\u00e1 una inversi\u00f3n de m\u00e1s de un mill\u00f3n de euros que sufragar\u00e1 el Consistorio. Tambi\u00e9n se ha iniciado los tr\u00e1mites con la Conselleria d\u2019Educaci\u00f3 para el tercer colegio de la localidad que se ubicar\u00e1 en la zona de Terra Marina.<\/p>   <p>Juanfran P\u00e9rez tambi\u00e9n ha valorado este 2024 como el a\u00f1o en el que el municipio recuper\u00f3 el servicio de Pediatr\u00eda en La Cala o en el que se ha mejorado la conectividad. \u201cEl transporte p\u00fablico ha duplicado la frecuencia de lunes a viernes y, sobre todo, los fines de semana pasando de 4 a 21 viajes\u201d, destaca.<\/p>   <p>Por \u00faltimo el alcalde tambi\u00e9n ha destacado inversiones y actuaciones como la mejora de la Penya, la llegada de fondos europeos o las obras del vial de subida al parking. <\/p> ","protected":false},"excerpt":{"rendered":"<p>El alcalde, Juanfran P\u00e9rez, destaca el inicio de las obras del primer instituto, el alumbrado de la pe\u00f1a o el elevador del Castell como proyectos que ser\u00e1n realidad en 2025<\/p>\n","protected":false},"author":0,"featured_media":11135,"comment_status":"open","ping_status":"open","sticky":false,"template":"","format":"standard","meta":{"_acf_changed":false,"footnotes":""},"categories":[1],"tags":[],"class_list":["post-11134","post","type-post","status-publish","format-standard","has-post-thumbnail","hentry","category-sin-categoria"],"acf":{"ser_id":"7XTIV2W2HZB6TFYGJOOUEH6C6M","ser_url":"https:\/\/cadenaser.com\/comunitat-valenciana\/2024\/12\/11\/finestrat-reactivara-en-2025-la-redaccion-de-su-primer-pgou-que-ampliara-el-casco-urbano-en-70000m2-radio-benidorm\/"},"_links":{"self":[{"href":"https:\/\/serbenidorm.daliisolutions.com\/index.php\/wp-json\/wp\/v2\/posts\/11134","targetHints":{"allow":["GET"]}}],"collection":[{"href":"https:\/\/serbenidorm.daliisolutions.com\/index.php\/wp-json\/wp\/v2\/posts"}],"about":[{"href":"https:\/\/serbenidorm.daliisolutions.com\/index.php\/wp-json\/wp\/v2\/types\/post"}],"replies":[{"embeddable":true,"href":"https:\/\/serbenidorm.daliisolutions.com\/index.php\/wp-json\/wp\/v2\/comments?post=11134"}],"version-history":[{"count":0,"href":"https:\/\/serbenidorm.daliisolutions.com\/index.php\/wp-json\/wp\/v2\/posts\/11134\/revisions"}],"wp:featuredmedia":[{"embeddable":true,"href":"https:\/\/serbenidorm.daliisolutions.com\/index.php\/wp-json\/wp\/v2\/media\/11135"}],"wp:attachment":[{"href":"https:\/\/serbenidorm.daliisolutions.com\/index.php\/wp-json\/wp\/v2\/media?parent=11134"}],"wp:term":[{"taxonomy":"category","embeddable":true,"href":"https:\/\/serbenidorm.daliisolutions.com\/index.php\/wp-json\/wp\/v2\/categories?post=11134"},{"taxonomy":"post_tag","embeddable":true,"href":"https:\/\/serbenidorm.daliisolutions.com\/index.php\/wp-json\/wp\/v2\/tags?post=11134"}],"curies":[{"name":"wp","href":"https:\/\/api.w.org\/{rel}","templated":true}]}}