{"id":11159,"date":"2024-12-12T13:40:52","date_gmt":"2024-12-12T12:40:52","guid":{"rendered":"https:\/\/serbenidorm.daliisolutions.com\/index.php\/2024\/12\/12\/la-feria-de-navidad-vuelve-al-casco-antiguo-de-polop\/"},"modified":"2024-12-12T13:40:52","modified_gmt":"2024-12-12T12:40:52","slug":"la-feria-de-navidad-vuelve-al-casco-antiguo-de-polop","status":"publish","type":"post","link":"https:\/\/serbenidorm.daliisolutions.com\/index.php\/2024\/12\/12\/la-feria-de-navidad-vuelve-al-casco-antiguo-de-polop\/","title":{"rendered":"La Feria de Navidad vuelve al casco antiguo de Polop"},"content":{"rendered":"  <p><div data-adtype=\"MLDB\"><\/div><\/p>   <p>Polop de la Marina<\/p>   <p>Polop acoger\u00e1 este pr\u00f3ximo fin de semana su segunda Feria de Navidad, una cita que se asienta en el casco antiguo con una variada propuesta de gastronom\u00eda, m\u00fasica, artesan\u00eda o talleres que se ha presentado este martes.<\/p>   <p>Con la destacada visita de<b> <\/b>Pap\u00e1 Noel, va a haber tres zonas diferenciadas, la gastron\u00f3mica, una granja de animales y otra con los juegos infantiles. Una programaci\u00f3n de la que el alcalde de la localidad, <a href=\"https:\/\/cadenaser.com\/tag\/polop\/a\/\" target=\"_blank\">Jos\u00e9 Lu\u00eds Susmozas<\/a>, ha destacado que abarca a todos los p\u00fablicos<\/p>  <p><p>M\u00e1s informaci\u00f3n<\/p><figure><img loading=\"lazy\" decoding=\"async\" src=\"https:\/\/cadenaser.com\/resizer\/v2\/MM35BH7NT5HIVEDOIGXABEQFR4.jpeg?auth=fbb79e59ce2d116205fdfd52898e5a4730f93ec27023a941f59bdfa8320e0225&amp;quality=70&amp;width=360&amp;height=202&amp;smart=true\" width=\"820\" height=\"621\" \/><\/figure><ul><li><a href=\"https:\/\/cadenaser.com\/comunitat-valenciana\/2024\/11\/26\/las-policias-locales-de-la-marina-baixa-recogen-juguetes-para-los-ninos-afectados-por-la-dana-radio-benidorm\/\"><span>Las polic\u00edas locales de la Marina Baixa recogen juguetes para los ni\u00f1os afectados por la DANA<\/span><\/a><\/li><\/ul><\/p>   <p>El concejal de Comercio, Sergio Pastor, ha destacado la implicaci\u00f3n de los negocios locales, con hasta 18 expositores en esta Feria.<\/p>   <p>El edil de Fiestas, Christian Rodr\u00edguez, ha se\u00f1alado por su parte actos concretos como el pasacalles inaugural del viernes, las el musical y la danza tradicional del s\u00e1bado o la oferta teatral del domingo.<\/p>   <p>Programa completo<\/p>   <p>Viernes 13 diciembre <\/p>   <p>16:30h.\tInauguraci\u00f3n 2\u00aa Feria de Navidad Polop.<\/p>   <p>     .c-w{         max-width:444px;         width:100%;         margin:32px auto;      background:#00755E;         border-radius:4px;         display:flex;         align-items:center;         justify-content:center;     }     .c-w a{         display:flex;         align-items:center;         justify-content:center;         padding:4px 24px;     }     .c-w img{         width:24px;         margin-right:12px;     }     .c-w p{         font:18px\/25px Poppins;         text-align:center;         color:#fff;         margin:0;     }     @media (max-width:444px){         .c-w a{             padding:4px 12px;         }         .c-w img{             width:24px;             margin-right:8px;         }         .c-w p{             font:14px\/25px Poppins;         }     }     @media (max-width:335px){         .c-w p{             font:13px\/25px Poppins;         }     }  <div class=\"c-w\">     <a href=\"https:\/\/www.whatsapp.com\/channel\/0029Va633PF9WtC4l7XUzh1e\" rel=\"nofollow\" target=\"_blank\">         <img decoding=\"async\" src=\"https:\/\/cadenaser.com\/estaticos\/recursosgraficos\/responsive\/img\/ico-whatsapp.svg\" alt=\"Whatsapp\">         <p>\u00danete al <b>canal de WhatsApp<\/b> de la SER<\/p>     <\/a> <\/div><\/p>   <p>16:30h.\tPasacalle inaugural con las cortes de Honor y la Colla el Ginjoler.<\/p>   <p>17:00h.\tApertura de la CASA DE PAP\u00c1 NOEL.<\/p>   <p>17:00h. Taller navide\u00f1o \u201dcrea tu adorno de \u00e1rbol de navidad\u201d<\/p>   <p>con la colaboraci\u00f3n de AMPA e IMAGINA.<\/p>   <p>17:00h.\tPrograma de RADIO EN DIRECTO de LEORADIO desde la Feria de Navidad.<\/p>   <p>17:00h-20:00h. Talleres y juegos infantiles con gran colchoneta navide\u00f1a.<\/p>   <p>(Zona infantil navide\u00f1a).<\/p>   <p>17:00h.-20:00h.GRANJA NAVIDE\u00d1A, paseos en poni.<\/p>   <p>(dale de comer a los animales y disfruta del paseo de ocas).<\/p>   <p>18:00h.\tTeatro Espect\u00e1culo familiar \u201cCHISPA Y MICKEY\u201d con personajes de LA TELE.<\/p>   <p>19:00h. Chocolate caliente para todos. (recoger en CAFETERIA-CHOCOLATERIA).<\/p>   <p>20:00h.\tCierre CASA DE PAP\u00c1 NOEL.<\/p>   <p>21:30h.\tCierre 2\u00aa Feria de Navidad.<\/p>   <p>S\u00e1bado 14 diciembre <\/p>   <p>11:00h.\tApertura 2\u00aa Feria de Navidad Polop.<\/p>   <p>11:00h.\tPasacalle de apertura a cargo de la Colla el Ginjoler.<\/p>   <p>11:00h-14.00h.Talleres, PINTA-CARAS y JUEGOS INFANTILES<\/p>   <p>con gran COLCHONETA NAVIDE\u00d1A. (Zona infantil navide\u00f1a).<\/p>   <p>11:30h.\tApertura CASA DE PAP\u00c1 NOEL.<\/p>   <p>12:00h-14:00h. GRANJA NAVIDE\u00d1A, paseos en poni.<\/p>   <p>(dale de comer a los animales y disfruta del paseo de ocas).<\/p>   <p>12:00h.\tTaller de Plantas Aut\u00f3ctonas y Saquitos Arom\u00e1ticos. (aforo lim. sin reserva).<\/p>   <p>13:00h.\tActuaci\u00f3n navide\u00f1a Grupo danzas El Porxet y Colla el Ginjoler.<\/p>   <p>14:00h.\tCierre CASA DE PAP\u00c1 NOEL.<\/p>   <p>14:00h.\tComida disponible en los stands de la zona gastron\u00f3mica.<\/p>   <p>16:00h. Apertura CASA DE PAP\u00c1 NOEL.<\/p>   <p>16:00h-19:00h.Talleres, PINTA-CARAS y JUEGOS INFANTILES<\/p>   <p>con gran COLCHONETA NAVIDE\u00d1A. (Zona infantil navide\u00f1a).<\/p>   <p>16:00h-20:00h.GRANJA NAVIDE\u00d1A, paseos en poni.<\/p>   <p>(dale de comer a los animales y disfruta del paseo de ocas).<\/p>   <p>17:00h.\tTaller de pulsera textil con motivos navide\u00f1os (aforo limitado sin reserva).<\/p>   <p>18:00h.\tM\u00fasical \u201cCUENTOS M\u00c1GICOS\u201d<\/p>   <p>(un elenco de 10 artistas interpreta las canciones de Disney y Navidad).<\/p>   <p>19:00h.\tChocolate caliente para todos. (recoger en CAFETERIA-CHOCOLATER\u00cdA).<\/p>   <p>20:30h.\tCierre 2\u00aa Feria de Navidad.<\/p>   <p>Domingo 15 diciembre <\/p>   <p>11:00h.\tApertura 2\u00aa Feria de Navidad Polop.<\/p>   <p>11:00h.\tPasacalle a cargo de la Colla el Ginjoler.<\/p>   <p>11:00h.-14:00h. Talleres, PINTA-CARAS y JUEGOS INFANTILES<\/p>   <p>con gran COLCHONETA NAVIDE\u00d1A. (Zona infantil navide\u00f1a).<\/p>   <p>11:30h.\tApertura CASA DE PAP\u00c1 NOEL.<\/p>   <p>12:00h-14:00h.GRANJA NAVIDE\u00d1A, paseos en poni.<\/p>   <p>(dale de comer a los animales y disfruta del paseo de ocas).<\/p>   <p>12:00h.\tTaller Floral de centros navide\u00f1os (aforo limitado sin reserva).<\/p>   <p>13:00h.\tESPECT\u00c1CULO de danza a\u00e9rea a cargo del alumnado de Studio Butterfly.<\/p>   <p>14:00h.\tCierre CASA DE PAP\u00c1 NOEL.<\/p>   <p>14:00h.\tComida disponible en los stands de la zona gastron\u00f3mica.<\/p>   <p>16:00h. Apertura CASA DE PAP\u00c1 NOEL.<\/p>   <p>16:00h.-18:30h. Talleres, PINTA-CARAS y JUEGOS INFANTILES<\/p>   <p>con gran COLCHONETA NAVIDE\u00d1A. (Zona infantil navide\u00f1a).<\/p>   <p>16:00h.-18:30h.GRANJA NAVIDE\u00d1A, paseos en poni.<\/p>   <p>(dale de comer a los animales y disfruta del paseo de ocas).<\/p>   <p>17:00h.\tTeatro infantil familiar \u201cCIRCO NAVIDE\u00d1O PIRULETA\u201d.<\/p>   <p>18:00h.\tChocolate caliente para todos. (recoger en CAFETERIA-CHOCOLATER\u00cdA).<\/p>   <p>18:30h.\tClausura 2\u00aa Feria de Navidad.<\/p> ","protected":false},"excerpt":{"rendered":"<p>Del 13 al 15 de diciembre<\/p>\n","protected":false},"author":0,"featured_media":11160,"comment_status":"open","ping_status":"open","sticky":false,"template":"","format":"standard","meta":{"_acf_changed":false,"footnotes":""},"categories":[1],"tags":[],"class_list":["post-11159","post","type-post","status-publish","format-standard","has-post-thumbnail","hentry","category-sin-categoria"],"acf":{"ser_id":"2SIJ2D7D2NHNPO5ADB3Y6LSTZI","ser_url":"https:\/\/cadenaser.com\/comunitat-valenciana\/2024\/12\/12\/la-feria-de-navidad-vuelve-al-casco-antiguo-de-polop-radio-benidorm\/"},"_links":{"self":[{"href":"https:\/\/serbenidorm.daliisolutions.com\/index.php\/wp-json\/wp\/v2\/posts\/11159","targetHints":{"allow":["GET"]}}],"collection":[{"href":"https:\/\/serbenidorm.daliisolutions.com\/index.php\/wp-json\/wp\/v2\/posts"}],"about":[{"href":"https:\/\/serbenidorm.daliisolutions.com\/index.php\/wp-json\/wp\/v2\/types\/post"}],"replies":[{"embeddable":true,"href":"https:\/\/serbenidorm.daliisolutions.com\/index.php\/wp-json\/wp\/v2\/comments?post=11159"}],"version-history":[{"count":0,"href":"https:\/\/serbenidorm.daliisolutions.com\/index.php\/wp-json\/wp\/v2\/posts\/11159\/revisions"}],"wp:featuredmedia":[{"embeddable":true,"href":"https:\/\/serbenidorm.daliisolutions.com\/index.php\/wp-json\/wp\/v2\/media\/11160"}],"wp:attachment":[{"href":"https:\/\/serbenidorm.daliisolutions.com\/index.php\/wp-json\/wp\/v2\/media?parent=11159"}],"wp:term":[{"taxonomy":"category","embeddable":true,"href":"https:\/\/serbenidorm.daliisolutions.com\/index.php\/wp-json\/wp\/v2\/categories?post=11159"},{"taxonomy":"post_tag","embeddable":true,"href":"https:\/\/serbenidorm.daliisolutions.com\/index.php\/wp-json\/wp\/v2\/tags?post=11159"}],"curies":[{"name":"wp","href":"https:\/\/api.w.org\/{rel}","templated":true}]}}