{"id":11166,"date":"2024-12-12T16:51:24","date_gmt":"2024-12-12T15:51:24","guid":{"rendered":"https:\/\/serbenidorm.daliisolutions.com\/index.php\/2024\/12\/12\/leire-bilbao-visit-benidorm-el-mercado-nacional-nos-busca-entre-semana-mientras-que-el-nordico-planea-sus-vacaciones-el-fin-de-semana\/"},"modified":"2024-12-12T16:51:24","modified_gmt":"2024-12-12T15:51:24","slug":"leire-bilbao-visit-benidorm-el-mercado-nacional-nos-busca-entre-semana-mientras-que-el-nordico-planea-sus-vacaciones-el-fin-de-semana","status":"publish","type":"post","link":"https:\/\/serbenidorm.daliisolutions.com\/index.php\/2024\/12\/12\/leire-bilbao-visit-benidorm-el-mercado-nacional-nos-busca-entre-semana-mientras-que-el-nordico-planea-sus-vacaciones-el-fin-de-semana\/","title":{"rendered":"Leire Bilbao (Visit Benidorm): \u00abEl mercado nacional nos busca entre semana mientras que el n\u00f3rdico planea sus vacaciones el fin de semana\u00bb"},"content":{"rendered":"  <p><div data-adtype=\"MLDB\"><\/div><\/p>   <p>Benidorm<\/p>   <p>La Fundaci\u00f3n Visit Benidorm afronta los \u00faltimos d\u00edas del a\u00f1o con la vista puesta en la venta de las vacaciones del verano 2025. La gerente de este organismo, Leire Bilbao, ha explicado en <a href=\"https:\/\/radiobenidorm.es\" rel=\"nofollow\" target=\"_blank\">Hoy por Hoy Benidorm<\/a> que es en esta \u00e9poca se intensifica su trabajo para marcar estrategias promocionales e incrementar la presencia del destino en mercados emisores debido a que es cuando los potenciales turistas comienzan a realizar la b\u00fasqueda de sus pr\u00f3ximas vacaciones.<\/p>   <p>Seg\u00fan Bilbao a partir del 26 de diciembre, sobre todo en Reino Unido y pa\u00edses n\u00f3rdicos, las b\u00fasquedas de destinos vacacionales se disparan. Son varios los factores analizados por Visit Benidorm que explican esta tendencia, por un lado el meteorol\u00f3gico, \u201ccuanto m\u00e1s fr\u00edo, m\u00e1s ganas de buscar destinos con buen clima\u201d y por otro el \u201cboxing day\u201d que pone fin a la Navidad en los pa\u00edses anglosajones. \u201cEs el d\u00eda en el que, para ellos, acaba la Navidad, empieza la tristeza y el pensar que hacer el a\u00f1o que viene. Hemos detectado que empiezan las b\u00fasquedas en todos los buscadores y las visitas a las p\u00e1ginas web est\u00e1n al alza. Por eso nos estamos preparando ya estos d\u00edas para estar muy presentes en esas b\u00fasquedas y que se traduzcan en ventas\u201d, indica.<\/p>   <p>De hecho la gerente de<a href=\"https:\/\/cadenaser.com\/comunitat-valenciana\/2024\/11\/28\/leire-bilbao-visit-benidorm-este-premio-viene-a-cerrar-muchas-bocas-radio-benidorm\/\" target=\"_blank\"> Visit Benidorm<\/a> explica que el grueso de las ventas de paquetes vacacionales de verano se producen en enero y febrero pero que a partir del 26 de diciembre cuando comienzan las b\u00fasquedas.<\/p>   <p>Las herramientas de an\u00e1lisis de Visit Benidorm tambi\u00e9n permiten predecir c\u00f3mo y cuando busca informaci\u00f3n sobre Benidorm cada potencial pa\u00eds emisor y con qu\u00e9 antelaci\u00f3n. As\u00ed, mientras el turista de origen latino: espa\u00f1oles, italianos o portugueses, realiza sus b\u00fasquedas vacacionales entre semana, los pa\u00edses n\u00f3rdicos dedican el fin de semana a planear sus viajes.<\/p>   <p>En cuanto a la antelaci\u00f3n, la media suele ser de 60 d\u00edas entre la b\u00fasqueda y la reserva respecto de la fecha de viaje. Sin embargo esta horquilla se dispara hasta los 6 meses antes, si  se trata de las reservas de las vacaciones principales en temporada estival.<\/p>   <p>     .c-w{         max-width:444px;         width:100%;         margin:32px auto;      background:#00755E;         border-radius:4px;         display:flex;         align-items:center;         justify-content:center;     }     .c-w a{         display:flex;         align-items:center;         justify-content:center;         padding:4px 24px;     }     .c-w img{         width:24px;         margin-right:12px;     }     .c-w p{         font:18px\/25px Poppins;         text-align:center;         color:#fff;         margin:0;     }     @media (max-width:444px){         .c-w a{             padding:4px 12px;         }         .c-w img{             width:24px;             margin-right:8px;         }         .c-w p{             font:14px\/25px Poppins;         }     }     @media (max-width:335px){         .c-w p{             font:13px\/25px Poppins;         }     }  <div class=\"c-w\">     <a href=\"https:\/\/www.whatsapp.com\/channel\/0029Va633PF9WtC4l7XUzh1e\" rel=\"nofollow\" target=\"_blank\">         <img decoding=\"async\" src=\"https:\/\/cadenaser.com\/estaticos\/recursosgraficos\/responsive\/img\/ico-whatsapp.svg\" alt=\"Whatsapp\">         <p>\u00danete al <b>canal de WhatsApp<\/b> de la SER<\/p>     <\/a> <\/div><\/p>   <p>Bilbao estima que, especialmente en Reino Unido, el clima va a jugar un papel fundamental, despu\u00e9s del \u201cboxing day\u201d, a la hora de disparar las b\u00fasquedas de Benidorm como destino. \u201cEst\u00e1n teniendo un invierno muy complicado en cuanto a lluvias. Mientras aqu\u00ed hemos tenido un puente espectacular  con buenas temperaturas y much\u00edsimas personas en la playa, los brit\u00e1nicos se encontraban en medio de una DANA de viento y lluvias muy considerables y temperaturas muy g\u00e9lidas, inusuales incluso para ellos. Todos estos factores hacen que todav\u00eda tengan m\u00e1s ganas de pensar en esas vacaciones\u201d, explica.<\/p>   <p>Por ello Visit Benidorm tiene planeado todo un calendario de acciones  promocionales en este mercado para los primeros d\u00edas del a\u00f1o. Estar\u00e1 presente con acciones promocionales en Irlanda; participar\u00e1 Birmingham en la feria m\u00e1s importante de running de Reino Unido promocionando el Mundial de Ciclocross; tambi\u00e9n acudir\u00e1 a Suecia a la feria Nacka Strand, todo ello con car\u00e1cter previo a la asistencia a Fitur en Madrid.<\/p>   <p>Respecto del balance de 2024, Bilbao considera que se cerrar\u00e1 como \u201cun a\u00f1o excelente\u201d porque \u201cestamos generando incrementos, no solo en \u00e9poca estival, sino que estamos experimentando crecimientos muy importantes en el resto de los meses del a\u00f1o\u201d. En este sentido, apunta Bilbao, ha influido positivamente el aumento de asientos y de la capacidad del Aeropuerto de Alicante-Elche. \u201cCuando cerremos el a\u00f1o veremos los crecimientos  acumulados de los diferentes mercados. Portugal e Italia siguen creciendo, tambi\u00e9n Francia, pero especialmente todos los del norte de Europa\u201d, concluye. <\/p> ","protected":false},"excerpt":{"rendered":"<p>La Fundaci\u00f3n detecta que los brit\u00e1nicos disparan sus b\u00fasquedas de vacaciones a partir del 26 de diciembre<\/p>\n","protected":false},"author":0,"featured_media":11167,"comment_status":"open","ping_status":"open","sticky":false,"template":"","format":"standard","meta":{"_acf_changed":false,"footnotes":""},"categories":[1],"tags":[],"class_list":["post-11166","post","type-post","status-publish","format-standard","has-post-thumbnail","hentry","category-sin-categoria"],"acf":{"ser_id":"FS4OQSFDZNB5ZMXQCCZFWJFEWQ","ser_url":"https:\/\/cadenaser.com\/comunitat-valenciana\/2024\/12\/12\/leire-bilbao-visit-benidorm-el-mercado-nacional-nos-busca-entre-semana-mientras-que-los-nordicos-planea-sus-vacaciones-el-fin-de-semana-radio-benidorm\/"},"_links":{"self":[{"href":"https:\/\/serbenidorm.daliisolutions.com\/index.php\/wp-json\/wp\/v2\/posts\/11166","targetHints":{"allow":["GET"]}}],"collection":[{"href":"https:\/\/serbenidorm.daliisolutions.com\/index.php\/wp-json\/wp\/v2\/posts"}],"about":[{"href":"https:\/\/serbenidorm.daliisolutions.com\/index.php\/wp-json\/wp\/v2\/types\/post"}],"replies":[{"embeddable":true,"href":"https:\/\/serbenidorm.daliisolutions.com\/index.php\/wp-json\/wp\/v2\/comments?post=11166"}],"version-history":[{"count":0,"href":"https:\/\/serbenidorm.daliisolutions.com\/index.php\/wp-json\/wp\/v2\/posts\/11166\/revisions"}],"wp:featuredmedia":[{"embeddable":true,"href":"https:\/\/serbenidorm.daliisolutions.com\/index.php\/wp-json\/wp\/v2\/media\/11167"}],"wp:attachment":[{"href":"https:\/\/serbenidorm.daliisolutions.com\/index.php\/wp-json\/wp\/v2\/media?parent=11166"}],"wp:term":[{"taxonomy":"category","embeddable":true,"href":"https:\/\/serbenidorm.daliisolutions.com\/index.php\/wp-json\/wp\/v2\/categories?post=11166"},{"taxonomy":"post_tag","embeddable":true,"href":"https:\/\/serbenidorm.daliisolutions.com\/index.php\/wp-json\/wp\/v2\/tags?post=11166"}],"curies":[{"name":"wp","href":"https:\/\/api.w.org\/{rel}","templated":true}]}}