{"id":11187,"date":"2024-12-13T13:49:31","date_gmt":"2024-12-13T12:49:31","guid":{"rendered":"https:\/\/serbenidorm.daliisolutions.com\/index.php\/2024\/12\/13\/mas-de-350-comercios-de-benidorm-se-han-adherido-ya-a-los-bonos-consumo-que-empiezan-el-lunes\/"},"modified":"2024-12-13T13:49:31","modified_gmt":"2024-12-13T12:49:31","slug":"mas-de-350-comercios-de-benidorm-se-han-adherido-ya-a-los-bonos-consumo-que-empiezan-el-lunes","status":"publish","type":"post","link":"https:\/\/serbenidorm.daliisolutions.com\/index.php\/2024\/12\/13\/mas-de-350-comercios-de-benidorm-se-han-adherido-ya-a-los-bonos-consumo-que-empiezan-el-lunes\/","title":{"rendered":"M\u00e1s de 350 comercios de Benidorm se han adherido ya a los bonos consumo que empiezan el lunes"},"content":{"rendered":"  <p><div data-adtype=\"MLDB\"><\/div><\/p>   <p>Benidorm<\/p>   <p>Cuando apenas faltan unos d\u00edas para el inicio de la quinta edici\u00f3n del bono consumo #BenidormTeDaM\u00e1s, m\u00e1s de 350 establecimientos de la ciudad se han adherido ya a la iniciativa, seg\u00fan ha informado este viernes el concejal de Comercio, Javi Jord\u00e1, que ha recordado que la campa\u00f1a se va a desarrollar <a href=\"https:\/\/cadenaser.com\/tag\/benidorm\/a\/\" target=\"_blank\">desde el pr\u00f3ximo lunes, d\u00eda 16, hasta el 31 de diciembre<\/a>. <\/p>   <p>\u201cEn estos momentos estamos algo por encima de las cifras del a\u00f1o pasado por estas fechas en lo que a establecimientos participantes se refiere, por lo que creemos que esta edici\u00f3n tendr\u00e1 tambi\u00e9n una acogida extraordinaria, incentivando as\u00ed el consumo y la actividad comercial local que es uno de los objetivos de esta campa\u00f1a junto con el de apoyar a las familias\u201d.<\/p>  <p><p>M\u00e1s informaci\u00f3n<\/p><figure><img loading=\"lazy\" decoding=\"async\" src=\"https:\/\/cadenaser.com\/resizer\/v2\/PR5JHRFIABCP5OWFJC4J54MTVU.jpg?auth=3ccc86811d2704c2bff8decfad2bd25605cabfab963fcca5265946b764e6c6e7&amp;quality=70&amp;width=360&amp;height=202&amp;smart=true\" width=\"820\" height=\"621\" \/><\/figure><ul><li><a href=\"https:\/\/cadenaser.com\/comunitat-valenciana\/2024\/12\/02\/la-navidad-de-benidorm-ya-tiene-fechas-consulta-todo-el-programa-radio-benidorm\/\"><span>La Navidad de Benidorm ya tiene fechas: consulta todo el programa<\/span><\/a><\/li><\/ul><\/p>   <p>Los comercios, bares, cafeter\u00edas y establecimientos y empresas de servicios podr\u00e1n adherirse hasta el pr\u00f3ximo 30 de diciembre.<\/p>   <p>Al igual que en anteriores ediciones, los 68.384 ciudadanos que pueden ser beneficiarios de esta campa\u00f1a podr\u00e1n descargarse cinco bonos consumo por valor de 10 euros cada uno para hacer compras en el comercio local por una cuant\u00eda que, al menos, deber\u00e1 ser del doble del valor descontado. La particularidad de este a\u00f1o es que \u201cla campa\u00f1a tiene una vertiente solidaria ya que se colaborar\u00e1 con las personas afectadas por las inundaciones causadas por la DANA del pasado 29 de octubre\u201d.<\/p>   <p>As\u00ed, los ciudadanos podr\u00e1n utilizar cuatro bonos por un importe total de 40 euros, mientras que el quinto bono, tambi\u00e9n de 10 euros, se destinar\u00e1 directamente a ayudar a las personas damnificadas por la cat\u00e1strofe a trav\u00e9s del portal Som Solidaritat. <\/p>   <p>     .c-w{         max-width:444px;         width:100%;         margin:32px auto;      background:#00755E;         border-radius:4px;         display:flex;         align-items:center;         justify-content:center;     }     .c-w a{         display:flex;         align-items:center;         justify-content:center;         padding:4px 24px;     }     .c-w img{         width:24px;         margin-right:12px;     }     .c-w p{         font:18px\/25px Poppins;         text-align:center;         color:#fff;         margin:0;     }     @media (max-width:444px){         .c-w a{             padding:4px 12px;         }         .c-w img{             width:24px;             margin-right:8px;         }         .c-w p{             font:14px\/25px Poppins;         }     }     @media (max-width:335px){         .c-w p{             font:13px\/25px Poppins;         }     }  <div class=\"c-w\">     <a href=\"https:\/\/www.whatsapp.com\/channel\/0029Va633PF9WtC4l7XUzh1e\" rel=\"nofollow\" target=\"_blank\">         <img decoding=\"async\" src=\"https:\/\/cadenaser.com\/estaticos\/recursosgraficos\/responsive\/img\/ico-whatsapp.svg\" alt=\"Whatsapp\">         <p>\u00danete al <b>canal de WhatsApp<\/b> de la SER<\/p>     <\/a> <\/div><\/p>   <p>C\u00f3mo descargar y canjear los bonos<\/p>   <p>Los ciudadanos que quieran obtener sus bonos, el plazo de descarga comenzar\u00e1 el pr\u00f3ximo lunes, 16 de diciembre, a las 9.00 horas. Desde ese mismo momento tanto podr\u00e1n comenzar a canjearlos en el comercio local. De cualquier forma, el Ayuntamiento pondr\u00e1 a disposici\u00f3n de los ciudadanos el correo electr\u00f3nico <a href=\"mailto:benidormtedamas@buybono.es\" rel=\"nofollow\">benidormtedamas@buybono.es<\/a>para resolver cualquier duda o incidencia que pudiera surgir. Igualmente, a partir del lunes se abrir\u00e1 un horario de atenci\u00f3n al p\u00fablico desde las 9 a las 13 horas en el Sal\u00f3n de Actos del Ayuntamiento de Benidorm, as\u00ed como en las extensiones administrativas municipales.<\/p>   <p>Para poderse descargar los bonos, las personas beneficiarias deber\u00e1n darse de alta y registrarse en la web <a href=\"http:\/\/www.bonobenidormtedamas.es\/\" rel=\"nofollow\">www.bonobenidormtedamas.es<\/a>. Una vez dentro de la web, habr\u00e1 que acceder al \u00c1rea de Consumidores donde la persona usuaria deber\u00e1 registrarse, facilitando el DNI, NIE o pasaporte y fijando una contrase\u00f1a. Una vez completado el registro, podr\u00e1 acceder a su \u00e1rea personal para descargarse los bonos en formato pdf e imprimirlos si lo desea.<\/p>   <p>Desde la aplicaci\u00f3n m\u00f3vil BuyBono \u2013disponible en Play Store y Apple Store- tambi\u00e9n se pueden canjear los bonos una vez descargados sin necesidad de imprimir. Para ello deber\u00e1n instalarla en su dispositivo m\u00f3vil y acceder a su \u00c1rea Privada desde el apartado Consumidores, introduciendo el DNI y la contrase\u00f1a con la que se registraron en la web.<\/p>   <p>Una vez cumplimentado este paso ya podr\u00e1n realizar la descarga de los bonos consumo. La aplicaci\u00f3n crear\u00e1 el c\u00f3digo QR de los bonos y ofrecer\u00e1 toda la informaci\u00f3n sobre los mismos, de modo que durante la campa\u00f1a el beneficiario pueda consultar los bonos que haya canjeado y el establecimiento o servicio d\u00f3nde lo hizo. De los cinco bonos disponibles, uno de ellos no se podr\u00e1 canjear en los establecimientos adheridos, ya que se tratar\u00e1 del bono solidario antes mencionado.<\/p>   <p>Desde la propia \u2018app\u2019, adem\u00e1s, las personas usuarias podr\u00e1n visualizar el listado de los establecimientos de Benidorm adheridos en los que canjear los bonos. Esta funci\u00f3n tambi\u00e9n est\u00e1 disponible en la web.<\/p> ","protected":false},"excerpt":{"rendered":"<p>Una cifra superior a la del a\u00f1o pasado<\/p>\n","protected":false},"author":0,"featured_media":11188,"comment_status":"open","ping_status":"open","sticky":false,"template":"","format":"standard","meta":{"_acf_changed":false,"footnotes":""},"categories":[1],"tags":[],"class_list":["post-11187","post","type-post","status-publish","format-standard","has-post-thumbnail","hentry","category-sin-categoria"],"acf":{"ser_id":"MLAW4KWUIVECJO3J4PTA3ZUZQM","ser_url":"https:\/\/cadenaser.com\/comunitat-valenciana\/2024\/12\/13\/mas-de-350-comercios-de-benidorm-se-han-adherido-ya-a-los-bonos-consumo-que-empiezan-el-lunes-radio-benidorm\/"},"_links":{"self":[{"href":"https:\/\/serbenidorm.daliisolutions.com\/index.php\/wp-json\/wp\/v2\/posts\/11187","targetHints":{"allow":["GET"]}}],"collection":[{"href":"https:\/\/serbenidorm.daliisolutions.com\/index.php\/wp-json\/wp\/v2\/posts"}],"about":[{"href":"https:\/\/serbenidorm.daliisolutions.com\/index.php\/wp-json\/wp\/v2\/types\/post"}],"replies":[{"embeddable":true,"href":"https:\/\/serbenidorm.daliisolutions.com\/index.php\/wp-json\/wp\/v2\/comments?post=11187"}],"version-history":[{"count":0,"href":"https:\/\/serbenidorm.daliisolutions.com\/index.php\/wp-json\/wp\/v2\/posts\/11187\/revisions"}],"wp:featuredmedia":[{"embeddable":true,"href":"https:\/\/serbenidorm.daliisolutions.com\/index.php\/wp-json\/wp\/v2\/media\/11188"}],"wp:attachment":[{"href":"https:\/\/serbenidorm.daliisolutions.com\/index.php\/wp-json\/wp\/v2\/media?parent=11187"}],"wp:term":[{"taxonomy":"category","embeddable":true,"href":"https:\/\/serbenidorm.daliisolutions.com\/index.php\/wp-json\/wp\/v2\/categories?post=11187"},{"taxonomy":"post_tag","embeddable":true,"href":"https:\/\/serbenidorm.daliisolutions.com\/index.php\/wp-json\/wp\/v2\/tags?post=11187"}],"curies":[{"name":"wp","href":"https:\/\/api.w.org\/{rel}","templated":true}]}}