{"id":11218,"date":"2024-12-15T13:02:37","date_gmt":"2024-12-15T12:02:37","guid":{"rendered":"https:\/\/serbenidorm.daliisolutions.com\/index.php\/2024\/12\/15\/el-voley-de-benidorm-se-conjura-para-la-copa\/"},"modified":"2024-12-15T13:02:37","modified_gmt":"2024-12-15T12:02:37","slug":"el-voley-de-benidorm-se-conjura-para-la-copa","status":"publish","type":"post","link":"https:\/\/serbenidorm.daliisolutions.com\/index.php\/2024\/12\/15\/el-voley-de-benidorm-se-conjura-para-la-copa\/","title":{"rendered":"El v\u00f3ley de Benidorm se conjura para la Copa"},"content":{"rendered":"  <p><div data-adtype=\"MLDB\"><\/div><\/p>   <p>Benidorm<\/p>   <p>El Servigroup Benidorm masculino cerr\u00f3 este s\u00e1bado con otro claro triunfo por 3-1 (25-19\/23-25\/25-12\/25-18) ante el Extremadura una espectacular primera vuelta liguera en la que han permanecido invictos y en la que, como \u00fanica mancha a lo que hubiese sido un primer asalto inmaculado, quedar\u00e1 esa victoria de dos puntos del pasado 30 de noviembre ante Pinto.<\/p>   <p>Teniendo en cuenta sus propios resultados, as\u00ed como los de los equipos que ser\u00e1n sus rivales en la pr\u00f3xima edici\u00f3n de la Copa Pr\u00edncipe, el equipo de Adriano Lamb debe de ser ya se\u00f1alado como el gran favorito para ese torneo del KO, al que llegar\u00e1 como el \u00fanico contendiente que todav\u00eda no sabe lo que es perder en esta temporada.<\/p>   <p>La Superliga 2 masculina no se retomar\u00e1 hasta el d\u00eda 18 de enero y mientras el resto de sus rivales (salvo Legan\u00e9s) disfrutar\u00e1n de un mes de reposo absoluto, el equipo de Adriano Lamb deber\u00e1 acortar sus vacaciones para poder viajar el d\u00eda 9 de enero a San Sadurni\u00f1o (Galicia) para disputar, hasta el d\u00eda 12, esa Copa Pr\u00edncipe.<\/p>   <p><b>Vacaciones para los equipos femeninos<\/b><\/p>   <p>Los que s\u00ed se podr\u00e1n ir ya de vacaciones son los dos equipos de la Superliga 2 femenina de la Marina Baixa. El Servigroup Benidorm lo har\u00e1 despu\u00e9s de haber sufrido una nueva derrota en casa por 0-3 (23-25\/14-25\/21-25) ante el Gu\u00eda y el Medsur-Finestrat, por su parte, celebrar\u00e1 la Navidad con las buenas sensaciones dadas en las \u00faltimas jornadas y que, sumando la victoria de este s\u00e1bado en Atarfe por 0-3 (22-25\/20-25\/18-25) sit\u00faa a las de Juanvi Llinares con un m\u00e1s que amplio colch\u00f3n de puntos respecto de la zona de descenso que ocupaban hasta hace s\u00f3lo dos semanas.<\/p> ","protected":false},"excerpt":{"rendered":"<p>El equipo de Adriano Lamb termina invicto la primera vuelta liguera<\/p>\n","protected":false},"author":0,"featured_media":11219,"comment_status":"open","ping_status":"open","sticky":false,"template":"","format":"standard","meta":{"_acf_changed":false,"footnotes":""},"categories":[16],"tags":[],"class_list":["post-11218","post","type-post","status-publish","format-standard","has-post-thumbnail","hentry","category-deportes"],"acf":{"ser_id":"TPOASXBJ2VAJZK7UDUULOLIK3A","ser_url":"https:\/\/cadenaser.com\/comunitat-valenciana\/2024\/12\/15\/el-voley-de-benidorm-se-conjura-para-la-copa-radio-benidorm\/"},"_links":{"self":[{"href":"https:\/\/serbenidorm.daliisolutions.com\/index.php\/wp-json\/wp\/v2\/posts\/11218","targetHints":{"allow":["GET"]}}],"collection":[{"href":"https:\/\/serbenidorm.daliisolutions.com\/index.php\/wp-json\/wp\/v2\/posts"}],"about":[{"href":"https:\/\/serbenidorm.daliisolutions.com\/index.php\/wp-json\/wp\/v2\/types\/post"}],"replies":[{"embeddable":true,"href":"https:\/\/serbenidorm.daliisolutions.com\/index.php\/wp-json\/wp\/v2\/comments?post=11218"}],"version-history":[{"count":0,"href":"https:\/\/serbenidorm.daliisolutions.com\/index.php\/wp-json\/wp\/v2\/posts\/11218\/revisions"}],"wp:featuredmedia":[{"embeddable":true,"href":"https:\/\/serbenidorm.daliisolutions.com\/index.php\/wp-json\/wp\/v2\/media\/11219"}],"wp:attachment":[{"href":"https:\/\/serbenidorm.daliisolutions.com\/index.php\/wp-json\/wp\/v2\/media?parent=11218"}],"wp:term":[{"taxonomy":"category","embeddable":true,"href":"https:\/\/serbenidorm.daliisolutions.com\/index.php\/wp-json\/wp\/v2\/categories?post=11218"},{"taxonomy":"post_tag","embeddable":true,"href":"https:\/\/serbenidorm.daliisolutions.com\/index.php\/wp-json\/wp\/v2\/tags?post=11218"}],"curies":[{"name":"wp","href":"https:\/\/api.w.org\/{rel}","templated":true}]}}