{"id":11237,"date":"2024-12-16T10:51:33","date_gmt":"2024-12-16T09:51:33","guid":{"rendered":"https:\/\/serbenidorm.daliisolutions.com\/index.php\/2024\/12\/16\/una-mala-segunda-mitad-condena-al-huesitos-la-vila\/"},"modified":"2024-12-16T10:51:33","modified_gmt":"2024-12-16T09:51:33","slug":"una-mala-segunda-mitad-condena-al-huesitos-la-vila","status":"publish","type":"post","link":"https:\/\/serbenidorm.daliisolutions.com\/index.php\/2024\/12\/16\/una-mala-segunda-mitad-condena-al-huesitos-la-vila\/","title":{"rendered":"Una mala segunda mitad condena al Huesitos-La Vila"},"content":{"rendered":"  <p><div data-adtype=\"MLDB\"><\/div><\/p>   <p>Benidorm<\/p>   <p>El Huesitos-La Vila cerr\u00f3 este domingo un 2024 que siempre ser\u00e1 recordado por su regreso a la Divisi\u00f3n de Honor del rugby espa\u00f1ol, pero que no pudo rubricar con victoria en Ordizia despu\u00e9s de una mala segunda mitad en la que no consiguieron anotar y que acab\u00f3 cost\u00e1ndoles la derrota.<\/p>   <p>Todo ello, unido adem\u00e1s a un arranque muy potente del conjunto local, que en el minuto dos se coloc\u00f3 con 3-0 de ventaja para, s\u00f3lo unos minutos m\u00e1s tarde, tomar distancia con dos ensayos casi consecutivos para ponerse 13-0 por delante.<\/p>   <p>Fue en el minuto 19 cuando lleg\u00f3 el primer ensayo de los vileros. Cholo anota y Pandelo que tuvo una brillante actuaci\u00f3n la meti\u00f3 entre los palos poniendo un esperanzador 13-7 en el marcador que provoc\u00f3 una reacci\u00f3n casi inmediata del Ordizia, que anot\u00f3 un castigo para sumar tres puntos m\u00e1s.<\/p>   <p>A partir de ah\u00ed y hasta el descanso Jer\u00f3nimo Pandelo puso por delante al XV chocolatero para irse a los vestuarios con un marcador de 16-17 que, dadas las circunstancias, llenaba de optimismo a los de Hern\u00e1n \u2018Falu\u2019 Quirelli.<\/p>   <p>Tras la reanudaci\u00f3n, Jaime Ortega reemplaz\u00f3 a Gonzalo, lesionado en el 50, sin que se hubiera todav\u00eda movido el marcador. Fue en cinco minutos, del 57 al 62, cuando Ordizia apuntal\u00f3 la victoria, con un ensayo y conversi\u00f3n (23-17) y un bal\u00f3n entre los palos por un castigo a favor para poner el 26-17 final y, aunque \u2018Falu\u2019 movi\u00f3 el banquillo, ya no pudieron hacer nada.<\/p>   <p>     .c-w{         max-width:444px;         width:100%;         margin:32px auto;      background:#00755E;         border-radius:4px;         display:flex;         align-items:center;         justify-content:center;     }     .c-w a{         display:flex;         align-items:center;         justify-content:center;         padding:4px 24px;     }     .c-w img{         width:24px;         margin-right:12px;     }     .c-w p{         font:18px\/25px Poppins;         text-align:center;         color:#fff;         margin:0;     }     @media (max-width:444px){         .c-w a{             padding:4px 12px;         }         .c-w img{             width:24px;             margin-right:8px;         }         .c-w p{             font:14px\/25px Poppins;         }     }     @media (max-width:335px){         .c-w p{             font:13px\/25px Poppins;         }     }  <div class=\"c-w\">     <a href=\"https:\/\/www.whatsapp.com\/channel\/0029Va633PF9WtC4l7XUzh1e\" rel=\"nofollow\" target=\"_blank\">         <img decoding=\"async\" src=\"https:\/\/cadenaser.com\/estaticos\/recursosgraficos\/responsive\/img\/ico-whatsapp.svg\" alt=\"Whatsapp\">         <p>\u00danete al <b>canal de WhatsApp<\/b> de la SER<\/p>     <\/a> <\/div><\/p>   <p>As\u00ed las cosas, los vileros cerraron el a\u00f1o sin bot\u00edn y qued\u00e1ndose en la novena posici\u00f3n de la tabla con los mismos siete puntos y a dos del Bar\u00e7a, que visitar\u00e1 El Pantano ya en enero, en lo que ser\u00e1 una autentica final para ambos.<\/p> ","protected":false},"excerpt":{"rendered":"<p>El XV chocolatero cierra 2024 con sensaciones encontradas<\/p>\n","protected":false},"author":0,"featured_media":11238,"comment_status":"open","ping_status":"open","sticky":false,"template":"","format":"standard","meta":{"_acf_changed":false,"footnotes":""},"categories":[16],"tags":[],"class_list":["post-11237","post","type-post","status-publish","format-standard","has-post-thumbnail","hentry","category-deportes"],"acf":{"ser_id":"NCLMBDRIPFABBB5LYQUQGAKRKU","ser_url":"https:\/\/cadenaser.com\/comunitat-valenciana\/2024\/12\/16\/una-mala-segunda-mitad-condena-al-huesitos-la-vila-radio-benidorm\/"},"_links":{"self":[{"href":"https:\/\/serbenidorm.daliisolutions.com\/index.php\/wp-json\/wp\/v2\/posts\/11237","targetHints":{"allow":["GET"]}}],"collection":[{"href":"https:\/\/serbenidorm.daliisolutions.com\/index.php\/wp-json\/wp\/v2\/posts"}],"about":[{"href":"https:\/\/serbenidorm.daliisolutions.com\/index.php\/wp-json\/wp\/v2\/types\/post"}],"replies":[{"embeddable":true,"href":"https:\/\/serbenidorm.daliisolutions.com\/index.php\/wp-json\/wp\/v2\/comments?post=11237"}],"version-history":[{"count":0,"href":"https:\/\/serbenidorm.daliisolutions.com\/index.php\/wp-json\/wp\/v2\/posts\/11237\/revisions"}],"wp:featuredmedia":[{"embeddable":true,"href":"https:\/\/serbenidorm.daliisolutions.com\/index.php\/wp-json\/wp\/v2\/media\/11238"}],"wp:attachment":[{"href":"https:\/\/serbenidorm.daliisolutions.com\/index.php\/wp-json\/wp\/v2\/media?parent=11237"}],"wp:term":[{"taxonomy":"category","embeddable":true,"href":"https:\/\/serbenidorm.daliisolutions.com\/index.php\/wp-json\/wp\/v2\/categories?post=11237"},{"taxonomy":"post_tag","embeddable":true,"href":"https:\/\/serbenidorm.daliisolutions.com\/index.php\/wp-json\/wp\/v2\/tags?post=11237"}],"curies":[{"name":"wp","href":"https:\/\/api.w.org\/{rel}","templated":true}]}}