{"id":11239,"date":"2024-12-16T10:51:35","date_gmt":"2024-12-16T09:51:35","guid":{"rendered":"https:\/\/serbenidorm.daliisolutions.com\/index.php\/2024\/12\/16\/el-c-f-benidorm-terminara-el-ano-en-puestos-de-descenso\/"},"modified":"2024-12-16T10:51:35","modified_gmt":"2024-12-16T09:51:35","slug":"el-c-f-benidorm-terminara-el-ano-en-puestos-de-descenso","status":"publish","type":"post","link":"https:\/\/serbenidorm.daliisolutions.com\/index.php\/2024\/12\/16\/el-c-f-benidorm-terminara-el-ano-en-puestos-de-descenso\/","title":{"rendered":"El C.F. Benidorm terminar\u00e1 el a\u00f1o en puestos de descenso"},"content":{"rendered":"  <p><div data-adtype=\"MLDB\"><\/div><\/p>   <p>Benidorm<\/p>   <p>El C.F. Benidorm cay\u00f3 este domingo por 0-2 en el partido disputado en el Guillermo Amor ante el Soneja, un choque que estuvo marcado por la grave lesi\u00f3n del visitante Ricardo durante la primera mitad y que, de alguna manera, \u2018enfri\u00f3\u2019 el partido cuando el conjunto local parec\u00eda haber entrado en calor y se acercaba con m\u00e1s peligro a la porter\u00eda contraria.<\/p>   <p>El largo par\u00f3n para que la ambulancia entrara en el terreno de juego y evacuara al jugador lesionado no s\u00f3lo apag\u00f3 a la grada, que hasta ese momento hab\u00eda empujado con fuerza a los suyos, sino que hizo que el partido se adentrara en una fase de imprecisiones de la que el Soneja supo sacar provecho con un gol de Adama al filo del descanso.<\/p>   <p>Tras la reanudaci\u00f3n, las cosas no cambiaron en exceso y, aunque el C.F. Benidorm cont\u00f3 con alguna ocasi\u00f3n para empatar la contienda (al igual que el Soneja pudo poner m\u00e1s tierra de por medio), la suerte le fue esquiva y ya en el minuto 86 Alcolea coloc\u00f3 el 0-2 definitivo en el marcador.<\/p>   <p>Con este resultado y a falta de una sola jornada antes del par\u00f3n navide\u00f1o, el C.F. Benidorm se queda sin opciones matem\u00e1ticas de salir de la zona de descenso antes del cierre de 2024, por lo que la remontada por la salvaci\u00f3n deber\u00e1 esperar a la segunda vuelta.<\/p>   <p><b>Victoria bals\u00e1mica para el C.F. La Nuc\u00eda<\/b><\/p>   <p>Por ese mismo resultado, 0-2, pero en el campo del Villarreal C, el C.F. La Nuc\u00eda sum\u00f3 su quinta victoria del presente curso, un triunfo vital para mantenerse en la lucha de los equipos que aspiran, a poco que puedan encadenar una racha de partidos victoriosos, a meterse en la pelea por el ascenso.<\/p>   <p>     .c-w{         max-width:444px;         width:100%;         margin:32px auto;      background:#00755E;         border-radius:4px;         display:flex;         align-items:center;         justify-content:center;     }     .c-w a{         display:flex;         align-items:center;         justify-content:center;         padding:4px 24px;     }     .c-w img{         width:24px;         margin-right:12px;     }     .c-w p{         font:18px\/25px Poppins;         text-align:center;         color:#fff;         margin:0;     }     @media (max-width:444px){         .c-w a{             padding:4px 12px;         }         .c-w img{             width:24px;             margin-right:8px;         }         .c-w p{             font:14px\/25px Poppins;         }     }     @media (max-width:335px){         .c-w p{             font:13px\/25px Poppins;         }     }  <div class=\"c-w\">     <a href=\"https:\/\/www.whatsapp.com\/channel\/0029Va633PF9WtC4l7XUzh1e\" rel=\"nofollow\" target=\"_blank\">         <img decoding=\"async\" src=\"https:\/\/cadenaser.com\/estaticos\/recursosgraficos\/responsive\/img\/ico-whatsapp.svg\" alt=\"Whatsapp\">         <p>\u00danete al <b>canal de WhatsApp<\/b> de la SER<\/p>     <\/a> <\/div><\/p>   <p>Los goles de Peris y Porcar fueron suficientes para sumar los tres puntos que colocan a los rojillos en la novena posici\u00f3n con un colch\u00f3n de cinco puntos sobre el descenso y, sobre todo, a cuatro de la promoci\u00f3n a Segunda RFEF.<\/p> ","protected":false},"excerpt":{"rendered":"<p>La derrota de este domingo ante el Soneja deja la remontada por la salvaci\u00f3n para 2025<\/p>\n","protected":false},"author":0,"featured_media":11240,"comment_status":"open","ping_status":"open","sticky":false,"template":"","format":"standard","meta":{"_acf_changed":false,"footnotes":""},"categories":[16],"tags":[],"class_list":["post-11239","post","type-post","status-publish","format-standard","has-post-thumbnail","hentry","category-deportes"],"acf":{"ser_id":"ZE3ZYUPED5A3FI334PKQPIAE7I","ser_url":"https:\/\/cadenaser.com\/comunitat-valenciana\/2024\/12\/16\/el-cf-benidorm-terminara-el-ano-en-puestos-de-descenso-radio-benidorm\/"},"_links":{"self":[{"href":"https:\/\/serbenidorm.daliisolutions.com\/index.php\/wp-json\/wp\/v2\/posts\/11239","targetHints":{"allow":["GET"]}}],"collection":[{"href":"https:\/\/serbenidorm.daliisolutions.com\/index.php\/wp-json\/wp\/v2\/posts"}],"about":[{"href":"https:\/\/serbenidorm.daliisolutions.com\/index.php\/wp-json\/wp\/v2\/types\/post"}],"replies":[{"embeddable":true,"href":"https:\/\/serbenidorm.daliisolutions.com\/index.php\/wp-json\/wp\/v2\/comments?post=11239"}],"version-history":[{"count":0,"href":"https:\/\/serbenidorm.daliisolutions.com\/index.php\/wp-json\/wp\/v2\/posts\/11239\/revisions"}],"wp:featuredmedia":[{"embeddable":true,"href":"https:\/\/serbenidorm.daliisolutions.com\/index.php\/wp-json\/wp\/v2\/media\/11240"}],"wp:attachment":[{"href":"https:\/\/serbenidorm.daliisolutions.com\/index.php\/wp-json\/wp\/v2\/media?parent=11239"}],"wp:term":[{"taxonomy":"category","embeddable":true,"href":"https:\/\/serbenidorm.daliisolutions.com\/index.php\/wp-json\/wp\/v2\/categories?post=11239"},{"taxonomy":"post_tag","embeddable":true,"href":"https:\/\/serbenidorm.daliisolutions.com\/index.php\/wp-json\/wp\/v2\/tags?post=11239"}],"curies":[{"name":"wp","href":"https:\/\/api.w.org\/{rel}","templated":true}]}}