{"id":11245,"date":"2024-12-16T12:43:44","date_gmt":"2024-12-16T11:43:44","guid":{"rendered":"https:\/\/serbenidorm.daliisolutions.com\/index.php\/2024\/12\/16\/los-hosteleros-de-benidorm-reconocen-la-solidaridad-la-accesibilidad-o-la-excelencia-en-su-gala-de-fin-de-ano\/"},"modified":"2024-12-16T12:43:44","modified_gmt":"2024-12-16T11:43:44","slug":"los-hosteleros-de-benidorm-reconocen-la-solidaridad-la-accesibilidad-o-la-excelencia-en-su-gala-de-fin-de-ano","status":"publish","type":"post","link":"https:\/\/serbenidorm.daliisolutions.com\/index.php\/2024\/12\/16\/los-hosteleros-de-benidorm-reconocen-la-solidaridad-la-accesibilidad-o-la-excelencia-en-su-gala-de-fin-de-ano\/","title":{"rendered":"Los hosteleros de Benidorm reconocen la solidaridad, la accesibilidad o la excelencia en su gala de fin de a\u00f1o"},"content":{"rendered":"  <p><div data-adtype=\"MLDB\"><\/div><\/p>   <p>Benidorm<\/p>   <p>En una gala de Navidad marcada por la emoci\u00f3n, la solidaridad y el reconocimiento al talento humano la <a href=\"https:\/\/cadenaser.com\/tag\/benidorm\/a\/\" target=\"_blank\">Asociaci\u00f3n de Bares, Restaurantes, Cafeter\u00edas y Ocio Nocturno de Benidorm y Comarca (ABRECA) <\/a>concedi\u00f3 sus galardones Bah\u00eda de Oro.<\/p>   <p>El hotel Primavera Park reuni\u00f3 a autoridades, empresarios y figuras del sector hostelero para una velada marcada por un sentido homenaje a todas las v\u00edctimas de la reciente DANA. <\/p>   <p>Tambi\u00e9n destac\u00f3 la rifa ben\u00e9fica organizada con la colaboraci\u00f3n de Mahou y la recaudaci\u00f3n de 16.000 euros en la Fancy Dress Party para ayudar a cuatro familias que lo perdieron todo en la cat\u00e1strofe, as\u00ed como la menci\u00f3n especial a Antonio Alcaraz como coordinador de la plataforma<a href=\"https:\/\/cadenaser.com\/tag\/comarca_la_marina_baixa\/a\/\" target=\"_blank\"> Encuentros Empresariales de la Marina Baixa<\/a>, que lograron recaudar 182.350 euros para los afectados en la provincia de Valencia.<\/p>  <p><p>M\u00e1s informaci\u00f3n<\/p><figure><img loading=\"lazy\" decoding=\"async\" src=\"https:\/\/cadenaser.com\/resizer\/v2\/RNUBIT7EGVIIBNR2BCXDT6MDSU.jpg?auth=1383150fecf83dfe0a5114674a5c84a017cb23e6e14ffb0bc044597edc074e90&amp;quality=70&amp;width=360&amp;height=202&amp;smart=true\" width=\"820\" height=\"621\" \/><\/figure><ul><li><a href=\"https:\/\/cadenaser.com\/comunitat-valenciana\/2024\/12\/13\/mas-de-350-comercios-de-benidorm-se-han-adherido-ya-a-los-bonos-consumo-que-empiezan-el-lunes-radio-benidorm\/\"><span>M\u00e1s de 350 comercios de Benidorm se han adherido ya a los bonos consumo<\/span><\/a><\/li><\/ul><\/p>   <p>El Grupo Aurrer\u00e1 fue reconocido por alcanzar un importante logro al obtener la prestigiosa certificaci\u00f3n SICTED en 2024, y a Fran Burgos del<b> <\/b>Restaurante La Fava por su Solete Repsol 2024.<\/p>   <p>Entre los reconocimientos m\u00e1s destacados estuvieron el Premio ABRECA<b> <\/b>a la Innovaci\u00f3n Tecnol\u00f3gica para el Restaurante UMAI, por su apuesta por el futuro con un camarero robot; y el Premio ABRECA a la Accesibilidad, otorgado a la Arrocer\u00eda de la Mejillonera por su compromiso con la inclusi\u00f3n. <\/p>   <p>     .c-w{         max-width:444px;         width:100%;         margin:32px auto;      background:#00755E;         border-radius:4px;         display:flex;         align-items:center;         justify-content:center;     }     .c-w a{         display:flex;         align-items:center;         justify-content:center;         padding:4px 24px;     }     .c-w img{         width:24px;         margin-right:12px;     }     .c-w p{         font:18px\/25px Poppins;         text-align:center;         color:#fff;         margin:0;     }     @media (max-width:444px){         .c-w a{             padding:4px 12px;         }         .c-w img{             width:24px;             margin-right:8px;         }         .c-w p{             font:14px\/25px Poppins;         }     }     @media (max-width:335px){         .c-w p{             font:13px\/25px Poppins;         }     }  <div class=\"c-w\">     <a href=\"https:\/\/www.whatsapp.com\/channel\/0029Va633PF9WtC4l7XUzh1e\" rel=\"nofollow\" target=\"_blank\">         <img decoding=\"async\" src=\"https:\/\/cadenaser.com\/estaticos\/recursosgraficos\/responsive\/img\/ico-whatsapp.svg\" alt=\"Whatsapp\">         <p>\u00danete al <b>canal de WhatsApp<\/b> de la SER<\/p>     <\/a> <\/div><\/p>   <p><i>In memoriam<\/i><\/p>   <p>El Premio ABRECA Embajador de Hosteler\u00eda fue para Jos\u00e9 Luis Yzuel, presidente de Hosteler\u00eda de Espa\u00f1a, mientras que el Premio de Honor 2024, a t\u00edtulo p\u00f3stumo, reconoci\u00f3 a Manuel Puigcerver y Mario Cid, figuras ic\u00f3nicas de la hosteler\u00eda local y tambi\u00e9n un sentido homenaje a V\u00edctor Manuel Navarro Padilla, fundador y miembro muy destacado de la asociaci\u00f3n fallecido hace s\u00f3lo unos d\u00edas.<\/p> ","protected":false},"excerpt":{"rendered":"<p>ABRECA concede sus Premios Bah\u00eda de Oro 2024<\/p>\n","protected":false},"author":0,"featured_media":11246,"comment_status":"open","ping_status":"open","sticky":false,"template":"","format":"standard","meta":{"_acf_changed":false,"footnotes":""},"categories":[1],"tags":[],"class_list":["post-11245","post","type-post","status-publish","format-standard","has-post-thumbnail","hentry","category-sin-categoria"],"acf":{"ser_id":"ZODRHHFN6JGCBP4I5LCMHMYUQY","ser_url":"https:\/\/cadenaser.com\/comunitat-valenciana\/2024\/12\/16\/los-hosteleros-de-benidorm-reconocen-la-solidaridad-la-accesibilidad-o-la-excelencia-en-su-gala-de-fin-de-ano-radio-benidorm\/"},"_links":{"self":[{"href":"https:\/\/serbenidorm.daliisolutions.com\/index.php\/wp-json\/wp\/v2\/posts\/11245","targetHints":{"allow":["GET"]}}],"collection":[{"href":"https:\/\/serbenidorm.daliisolutions.com\/index.php\/wp-json\/wp\/v2\/posts"}],"about":[{"href":"https:\/\/serbenidorm.daliisolutions.com\/index.php\/wp-json\/wp\/v2\/types\/post"}],"replies":[{"embeddable":true,"href":"https:\/\/serbenidorm.daliisolutions.com\/index.php\/wp-json\/wp\/v2\/comments?post=11245"}],"version-history":[{"count":0,"href":"https:\/\/serbenidorm.daliisolutions.com\/index.php\/wp-json\/wp\/v2\/posts\/11245\/revisions"}],"wp:featuredmedia":[{"embeddable":true,"href":"https:\/\/serbenidorm.daliisolutions.com\/index.php\/wp-json\/wp\/v2\/media\/11246"}],"wp:attachment":[{"href":"https:\/\/serbenidorm.daliisolutions.com\/index.php\/wp-json\/wp\/v2\/media?parent=11245"}],"wp:term":[{"taxonomy":"category","embeddable":true,"href":"https:\/\/serbenidorm.daliisolutions.com\/index.php\/wp-json\/wp\/v2\/categories?post=11245"},{"taxonomy":"post_tag","embeddable":true,"href":"https:\/\/serbenidorm.daliisolutions.com\/index.php\/wp-json\/wp\/v2\/tags?post=11245"}],"curies":[{"name":"wp","href":"https:\/\/api.w.org\/{rel}","templated":true}]}}