{"id":11251,"date":"2024-12-16T15:02:41","date_gmt":"2024-12-16T14:02:41","guid":{"rendered":"https:\/\/serbenidorm.daliisolutions.com\/index.php\/2024\/12\/16\/benidorm-implantara-en-2025-la-red-de-agua-regenerada-en-la-avenida-adolfo-suarez\/"},"modified":"2024-12-16T15:02:41","modified_gmt":"2024-12-16T14:02:41","slug":"benidorm-implantara-en-2025-la-red-de-agua-regenerada-en-la-avenida-adolfo-suarez","status":"publish","type":"post","link":"https:\/\/serbenidorm.daliisolutions.com\/index.php\/2024\/12\/16\/benidorm-implantara-en-2025-la-red-de-agua-regenerada-en-la-avenida-adolfo-suarez\/","title":{"rendered":"Benidorm implantar\u00e1 en 2025 la red de agua regenerada en la avenida Adolfo Su\u00e1rez"},"content":{"rendered":"  <p><div data-adtype=\"MLDB\"><\/div><\/p>   <p>Benidorm<\/p>   <p>Benidorm destinar\u00e1 m\u00e1s de 2 millones de euros a infraestructuras de Ciclo H\u00eddrico en 2025 de los que 350.000 euros se invertir\u00e1n en la primera fase de la red de agua regenerada que, a modo de programa piloto, se implantar\u00e1 en la avenida Adolfo Su\u00e1rez.<\/p>   <p>Una red que prev\u00e9 llevar agua depurada a las zonas residenciales para que las diferentes comunidades de propietarios puedan conectarse a ella y utilizarla en el riego de sus jardines y zonas comunes abaratando as\u00ed costes, puesto que el agua regenerada es m\u00e1s barata, y \u201creduciendo tambi\u00e9n los consumos de agua limpia que as\u00ed podremos destinar a otros usos\u201d, como as\u00ed lo ha asegurado el edil de Ciclo del Agua, <a href=\"https:\/\/cadenaser.com\/audio\/1733760007461\/\" target=\"_blank\">Jos\u00e9 Ram\u00f3n Gonz\u00e1lez de Z\u00e1rate<\/a> en <a href=\"https:\/\/radiobenidorm.es\/\" rel=\"nofollow\" target=\"_blank\">Hoy por Hoy Benidorm.<\/a><\/p>   <p>Todo ello tras el balance anual que la concesionaria de Ciclo del Agua, Hidraqua, ha realizado esta ma\u00f1ana en <a href=\"https:\/\/cadenaser.com\/comunitat-valenciana\/2024\/01\/23\/los-hubs-de-innovacion-de-hidraqua-en-la-comunitat-valenciana-presentan-en-fitur-sus-modelos-de-gestion-para-un-turismo-sostenible-radio-benidorm\/\" target=\"_blank\">Dinapsis<\/a>. All\u00ed el alcalde ha destacado que la ciudad est\u00e1 \u201ca la vanguardia con m\u00e1s de un 30% de reutilizaci\u00f3n de agua regenerada\u201d pero que aspira a aumentar el porcentaje utiliz\u00e1ndola \u201cno solo para el regad\u00edo y el baldeo de calles\u201d, sino para este proyecto piloto que el a\u00f1o que viene llevar\u00e1 esta a agua a los primeros edificios residenciales de la zona de Poniente.<\/p>   <p>La red de agua regenerada es un proyecto recogido en el Plan Director de Agua Regenerada para Usos Urbanos y, seg\u00fan el mismo, permitir\u00e1 ahorrar un 12% del consumo h\u00eddrico de la ciudad, lo que supone unos 2 hect\u00f3metros c\u00fabicos anuales.<\/p>   <p>Adem\u00e1s, habr\u00eda un ahorro de en torno al 45% en el importe de compra de agua respecto al coste de comprar agua al Consorcio de Aguas de la Marina Baixa, mientras que el ahorro para el ciudadano ser\u00eda de un 60% respecto al coste del agua potable.<\/p>   <p>     .c-w{         max-width:444px;         width:100%;         margin:32px auto;      background:#00755E;         border-radius:4px;         display:flex;         align-items:center;         justify-content:center;     }     .c-w a{         display:flex;         align-items:center;         justify-content:center;         padding:4px 24px;     }     .c-w img{         width:24px;         margin-right:12px;     }     .c-w p{         font:18px\/25px Poppins;         text-align:center;         color:#fff;         margin:0;     }     @media (max-width:444px){         .c-w a{             padding:4px 12px;         }         .c-w img{             width:24px;             margin-right:8px;         }         .c-w p{             font:14px\/25px Poppins;         }     }     @media (max-width:335px){         .c-w p{             font:13px\/25px Poppins;         }     }  <div class=\"c-w\">     <a href=\"https:\/\/www.whatsapp.com\/channel\/0029Va633PF9WtC4l7XUzh1e\" rel=\"nofollow\" target=\"_blank\">         <img decoding=\"async\" src=\"https:\/\/cadenaser.com\/estaticos\/recursosgraficos\/responsive\/img\/ico-whatsapp.svg\" alt=\"Whatsapp\">         <p>\u00danete al <b>canal de WhatsApp<\/b> de la SER<\/p>     <\/a> <\/div><\/p>   <p>Por su parte el gerente de Hidraqua, Ciriaco Clemente, asegura que la redacci\u00f3n de dicho plan est\u00e1 \u201cmuy avanzado\u201d y que este 2024 la ciudad ha invertido m\u00e1s de 1,5 millones de euros en la ejecuci\u00f3n de obras de infraestructuras que mejoren la gesti\u00f3n del agua. \u201cLas inversiones son fundamentales. En los \u00faltimos cinco a\u00f1os, entre agua, alcantarillado y depuraci\u00f3n estamos por encima de los 20 millones de euros de inversi\u00f3n\u201d, ha indicado.<\/p>   <p>Para 2025 Benidorm tambi\u00e9n tiene previsto ejecutar un proyecto de protecci\u00f3n contra incendios en el \u00e1mbito del parque de El Moralet, a la espera de que la Confederaci\u00f3n Hidrogr\u00e1fica del J\u00facar d\u00e9 el visto bueno y avanzar en la construcci\u00f3n y puesta en funcionamiento de una planta desalinizadora en la ciudad. \u201cMuy pronto podremos conocer todos los detalles de este proyecto puesto que el Consistorio est\u00e1 ultimando la tramitaci\u00f3n para la puesta a disposici\u00f3n del Consorcio de Aguas del suelo necesario\u201d, ha adelantado el alcalde Toni P\u00e9rez. S.Y.1012026<\/p> ","protected":false},"excerpt":{"rendered":"<p>Las inversiones en Ciclo del Agua superar\u00e1n los 2 millones de euros el a\u00f1o que viene<\/p>\n","protected":false},"author":0,"featured_media":11252,"comment_status":"open","ping_status":"open","sticky":false,"template":"","format":"standard","meta":{"_acf_changed":false,"footnotes":""},"categories":[1],"tags":[],"class_list":["post-11251","post","type-post","status-publish","format-standard","has-post-thumbnail","hentry","category-sin-categoria"],"acf":{"ser_id":"L5UBMAVAIRHEDB7HO46EAP3TJM","ser_url":"https:\/\/cadenaser.com\/comunitat-valenciana\/2024\/12\/16\/benidorm-implantara-en-2025-la-red-de-agua-regenerada-en-la-avenida-adolfo-suarez-radio-benidorm\/"},"_links":{"self":[{"href":"https:\/\/serbenidorm.daliisolutions.com\/index.php\/wp-json\/wp\/v2\/posts\/11251","targetHints":{"allow":["GET"]}}],"collection":[{"href":"https:\/\/serbenidorm.daliisolutions.com\/index.php\/wp-json\/wp\/v2\/posts"}],"about":[{"href":"https:\/\/serbenidorm.daliisolutions.com\/index.php\/wp-json\/wp\/v2\/types\/post"}],"replies":[{"embeddable":true,"href":"https:\/\/serbenidorm.daliisolutions.com\/index.php\/wp-json\/wp\/v2\/comments?post=11251"}],"version-history":[{"count":0,"href":"https:\/\/serbenidorm.daliisolutions.com\/index.php\/wp-json\/wp\/v2\/posts\/11251\/revisions"}],"wp:featuredmedia":[{"embeddable":true,"href":"https:\/\/serbenidorm.daliisolutions.com\/index.php\/wp-json\/wp\/v2\/media\/11252"}],"wp:attachment":[{"href":"https:\/\/serbenidorm.daliisolutions.com\/index.php\/wp-json\/wp\/v2\/media?parent=11251"}],"wp:term":[{"taxonomy":"category","embeddable":true,"href":"https:\/\/serbenidorm.daliisolutions.com\/index.php\/wp-json\/wp\/v2\/categories?post=11251"},{"taxonomy":"post_tag","embeddable":true,"href":"https:\/\/serbenidorm.daliisolutions.com\/index.php\/wp-json\/wp\/v2\/tags?post=11251"}],"curies":[{"name":"wp","href":"https:\/\/api.w.org\/{rel}","templated":true}]}}