{"id":11259,"date":"2024-12-16T19:14:47","date_gmt":"2024-12-16T18:14:47","guid":{"rendered":"https:\/\/serbenidorm.daliisolutions.com\/index.php\/2024\/12\/16\/primera-manana-de-bonos-consumo-en-benidorm-dudas-con-la-web-esperas-en-el-ayuntamiento-y-las-compras-mas-tempranas\/"},"modified":"2024-12-16T19:14:47","modified_gmt":"2024-12-16T18:14:47","slug":"primera-manana-de-bonos-consumo-en-benidorm-dudas-con-la-web-esperas-en-el-ayuntamiento-y-las-compras-mas-tempranas","status":"publish","type":"post","link":"https:\/\/serbenidorm.daliisolutions.com\/index.php\/2024\/12\/16\/primera-manana-de-bonos-consumo-en-benidorm-dudas-con-la-web-esperas-en-el-ayuntamiento-y-las-compras-mas-tempranas\/","title":{"rendered":"Primera ma\u00f1ana de bonos consumo en Benidorm: dudas con la web, esperas en el Ayuntamiento y las compras m\u00e1s tempranas"},"content":{"rendered":"  <p><div data-adtype=\"MLDB\"><\/div><\/p>   <p>Benidorm<\/p>   <p>Este lunes, en el ecuador de la primera jornada de la campa\u00f1a de #BenidormTeDaM\u00e1s, <a href=\"https:\/\/cadenaser.com\/tag\/benidorm\/a\/\" target=\"_blank\">ya se hab\u00edan descargado 47.270 bonos y canjeado 11.816<\/a>. Adem\u00e1s, durante este fin de semana el n\u00famero de establecimientos adheridos ha crecido desde los 350 hasta los 480.<\/p>   <p>Una jornada sin incidencias, seg\u00fan ha asegurado el Ayuntamiento de Benidorm, aunque de nuevo ha vuelto a estar marcada por las dudas con el tr\u00e1mite online para hacerse con los bonos, especialmente entre la gente mayor, y las largas esperas para conseguirlos de forma presencial en el sal\u00f3n de actos del consistorio.<\/p>  <p><p>M\u00e1s informaci\u00f3n<\/p><figure><img loading=\"lazy\" decoding=\"async\" src=\"https:\/\/cadenaser.com\/resizer\/v2\/CUGXSNAY2JADZDVJQYV6D3XE5Q.jpg?auth=ab98d7b118a327e1e500a61a509f9d47967d89ec846bc547e52d26f5e9f50054&amp;quality=70&amp;width=360&amp;height=202&amp;smart=true\" width=\"820\" height=\"621\" \/><\/figure><ul><li><a href=\"https:\/\/cadenaser.com\/comunitat-valenciana\/2024\/12\/16\/los-hosteleros-de-benidorm-reconocen-la-solidaridad-la-accesibilidad-o-la-excelencia-en-su-gala-de-fin-de-ano-radio-benidorm\/\"><span>Los hosteleros de Benidorm reconocen la solidaridad, la accesibilidad o la excelencia en su gala de fin de a\u00f1o<\/span><\/a><\/li><\/ul><\/p>   <p>\u00abLlevamos toda la ma\u00f1ana intent\u00e1ndolo con la ayuda de un trabajador de aqu\u00ed pero est\u00e1 saturada la red y es imposible\u00bb, comenta una vecina mientras espera que \u00e9l n\u00famero de su cita aparezca en la pantalla del escenario.<\/p>   <p>Otro matrimonio espera junto a ella, la mujer ha empezado la gesti\u00f3n con el ordenador, pero hora y media despu\u00e9s se ha rendido: \u00abPiden una contrase\u00f1a de veinte n\u00fameros\u00bb, ha lamentado.<\/p>   <p>Una comerciante del centro que quiere sumar su negocio a la iniciativa se une a la cr\u00edtica de la complejidad del sistema digital: \u00abMe ha pillado el toro y cuando me he ido a registrar me faltaba un documento y entonces no se guarda el formulario, tienes que volver a empezar\u00bb. En otra tienda, a pocos metros y en tan solo cinco horas, ya hab\u00edan canjeado medio centenar de bonos.<\/p>   <p>     .c-w{         max-width:444px;         width:100%;         margin:32px auto;      background:#00755E;         border-radius:4px;         display:flex;         align-items:center;         justify-content:center;     }     .c-w a{         display:flex;         align-items:center;         justify-content:center;         padding:4px 24px;     }     .c-w img{         width:24px;         margin-right:12px;     }     .c-w p{         font:18px\/25px Poppins;         text-align:center;         color:#fff;         margin:0;     }     @media (max-width:444px){         .c-w a{             padding:4px 12px;         }         .c-w img{             width:24px;             margin-right:8px;         }         .c-w p{             font:14px\/25px Poppins;         }     }     @media (max-width:335px){         .c-w p{             font:13px\/25px Poppins;         }     }  <div class=\"c-w\">     <a href=\"https:\/\/www.whatsapp.com\/channel\/0029Va633PF9WtC4l7XUzh1e\" rel=\"nofollow\" target=\"_blank\">         <img decoding=\"async\" src=\"https:\/\/cadenaser.com\/estaticos\/recursosgraficos\/responsive\/img\/ico-whatsapp.svg\" alt=\"Whatsapp\">         <p>\u00danete al <b>canal de WhatsApp<\/b> de la SER<\/p>     <\/a> <\/div><\/p>   <p>La mayor\u00eda de personas que esperaban a conseguir sus bonos tienen claro en qu\u00e9 los van a emplear: ropa, calzado o comida. Sin embargo, genera divisi\u00f3n de opiniones el hecho de qu\u00e9 uno de los cinco descuentos de diez euros por persona se derive directamente a los afectados por la DANA de Valencia; los hay que celebran el componente solidario de la campa\u00f1a mientras otros hablan de donativo obligado.<\/p>   <p>C\u00f3mo descargar y canjear los bonos<\/p>   <p>Los ciudadanos que quieran obtener sus bonos, el plazo de descarga comenzar\u00e1 el pr\u00f3ximo lunes, 16 de diciembre, a las 9.00 horas. Desde ese mismo momento tanto podr\u00e1n comenzar a canjearlos en el comercio local. De cualquier forma, el Ayuntamiento pondr\u00e1 a disposici\u00f3n de los ciudadanos el correo electr\u00f3nico <a href=\"mailto:benidormtedamas@buybono.es\" rel=\"nofollow\">benidormtedamas@buybono.es<\/a> para resolver cualquier duda o incidencia que pudiera surgir. Igualmente, a partir del lunes se abrir\u00e1 un horario de atenci\u00f3n al p\u00fablico desde las 9 a las 13 horas en el Sal\u00f3n de Actos del Ayuntamiento de Benidorm, as\u00ed como en las extensiones administrativas municipales.<\/p>   <p>Para poderse descargar los bonos, las personas beneficiarias deber\u00e1n darse de alta y registrarse en la web <a href=\"http:\/\/www.bonobenidormtedamas.es\/\" rel=\"nofollow\">www.bonobenidormtedamas.es<\/a>. Una vez dentro de la web, habr\u00e1 que acceder al \u00c1rea de Consumidores donde la persona usuaria deber\u00e1 registrarse, facilitando el DNI, NIE o pasaporte y fijando una contrase\u00f1a. Una vez completado el registro, podr\u00e1 acceder a su \u00e1rea personal para descargarse los bonos en formato pdf e imprimirlos si lo desea.<\/p>   <p>Desde la aplicaci\u00f3n m\u00f3vil BuyBono \u2013disponible en Play Store y Apple Store- tambi\u00e9n se pueden canjear los bonos una vez descargados sin necesidad de imprimir. Para ello deber\u00e1n instalarla en su dispositivo m\u00f3vil y acceder a su \u00c1rea Privada desde el apartado Consumidores, introduciendo el DNI y la contrase\u00f1a con la que se registraron en la web.<\/p>   <p>Una vez cumplimentado este paso ya podr\u00e1n realizar la descarga de los bonos consumo. La aplicaci\u00f3n crear\u00e1 el c\u00f3digo QR de los bonos y ofrecer\u00e1 toda la informaci\u00f3n sobre los mismos, de modo que durante la campa\u00f1a el beneficiario pueda consultar los bonos que haya canjeado y el establecimiento o servicio d\u00f3nde lo hizo. De los cinco bonos disponibles, uno de ellos no se podr\u00e1 canjear en los establecimientos adheridos, ya que se tratar\u00e1 del bono solidario antes mencionado.<\/p>   <p>Desde la propia \u2018app\u2019, adem\u00e1s, las personas usuarias podr\u00e1n visualizar el listado de los establecimientos de Benidorm adheridos en los que canjear los bonos. Esta funci\u00f3n tambi\u00e9n est\u00e1 disponible en la web.<\/p> ","protected":false},"excerpt":{"rendered":"<p>A mediod\u00eda m\u00e1s de 9.000 de los 68.384 potenciales beneficiarios hab\u00edan descargado ya sus bonos de descuento en el comercio local<\/p>\n","protected":false},"author":0,"featured_media":11260,"comment_status":"open","ping_status":"open","sticky":false,"template":"","format":"standard","meta":{"_acf_changed":false,"footnotes":""},"categories":[1],"tags":[],"class_list":["post-11259","post","type-post","status-publish","format-standard","has-post-thumbnail","hentry","category-sin-categoria"],"acf":{"ser_id":"F7JX7Z7NPRGGZP5YPZZB7U6JDQ","ser_url":"https:\/\/cadenaser.com\/comunitat-valenciana\/2024\/12\/16\/primera-manana-de-bonos-consumo-en-benidorm-dudas-con-la-web-esperas-en-el-ayuntamiento-y-las-compras-mas-tempranas-radio-benidorm\/"},"_links":{"self":[{"href":"https:\/\/serbenidorm.daliisolutions.com\/index.php\/wp-json\/wp\/v2\/posts\/11259","targetHints":{"allow":["GET"]}}],"collection":[{"href":"https:\/\/serbenidorm.daliisolutions.com\/index.php\/wp-json\/wp\/v2\/posts"}],"about":[{"href":"https:\/\/serbenidorm.daliisolutions.com\/index.php\/wp-json\/wp\/v2\/types\/post"}],"replies":[{"embeddable":true,"href":"https:\/\/serbenidorm.daliisolutions.com\/index.php\/wp-json\/wp\/v2\/comments?post=11259"}],"version-history":[{"count":0,"href":"https:\/\/serbenidorm.daliisolutions.com\/index.php\/wp-json\/wp\/v2\/posts\/11259\/revisions"}],"wp:featuredmedia":[{"embeddable":true,"href":"https:\/\/serbenidorm.daliisolutions.com\/index.php\/wp-json\/wp\/v2\/media\/11260"}],"wp:attachment":[{"href":"https:\/\/serbenidorm.daliisolutions.com\/index.php\/wp-json\/wp\/v2\/media?parent=11259"}],"wp:term":[{"taxonomy":"category","embeddable":true,"href":"https:\/\/serbenidorm.daliisolutions.com\/index.php\/wp-json\/wp\/v2\/categories?post=11259"},{"taxonomy":"post_tag","embeddable":true,"href":"https:\/\/serbenidorm.daliisolutions.com\/index.php\/wp-json\/wp\/v2\/tags?post=11259"}],"curies":[{"name":"wp","href":"https:\/\/api.w.org\/{rel}","templated":true}]}}