{"id":11275,"date":"2024-12-17T15:54:18","date_gmt":"2024-12-17T14:54:18","guid":{"rendered":"https:\/\/serbenidorm.daliisolutions.com\/index.php\/2024\/12\/17\/2025-traera-a-la-nucia-el-tercer-colegio-un-consultorio-medico-para-bello-horizonte-y-mejoras-a-la-ciutat-esportiva\/"},"modified":"2024-12-17T15:54:18","modified_gmt":"2024-12-17T14:54:18","slug":"2025-traera-a-la-nucia-el-tercer-colegio-un-consultorio-medico-para-bello-horizonte-y-mejoras-a-la-ciutat-esportiva","status":"publish","type":"post","link":"https:\/\/serbenidorm.daliisolutions.com\/index.php\/2024\/12\/17\/2025-traera-a-la-nucia-el-tercer-colegio-un-consultorio-medico-para-bello-horizonte-y-mejoras-a-la-ciutat-esportiva\/","title":{"rendered":"2025 traer\u00e1 a La Nuc\u00eda el tercer colegio, un consultorio m\u00e9dico para Bello Horizonte y mejoras a la Ciutat Esportiva"},"content":{"rendered":"  <p><div data-adtype=\"MLDB\"><\/div><\/p>   <p>La Nuc\u00eda<\/p>   <p>El pr\u00f3ximo a\u00f1o 2025 ser\u00e1 el a\u00f1o en el que comiencen las obras del tercer colegio de La Nucia o en el que abra sus puertas el nuevo consultorio m\u00e9dico de Bello Horizonte. As\u00ed lo ha asegurado el alcalde Bernab\u00e9 Cano, en <a href=\"https:\/\/radiobenidorm.es\" rel=\"nofollow\" target=\"_blank\">Hoy por Hoy Benidorm <\/a>tras el encuentro navide\u00f1o con los medios que tambi\u00e9n ha servido para hacer balance de 2024. <\/p>   <p>Un a\u00f1o que llega a su fin y del que Cano ha destacado logros para el municipio como la ampliaci\u00f3n de la ETAP, la construcci\u00f3n de una rotonda en la zona de El Tossal \u00abeliminando as\u00ed un punto negro de tr\u00e1fico\u00bb, la reurbanizaci\u00f3n de Bello Horizonte o la mejora de diversos caminos rurales del t\u00e9rmino.<\/p>   <p>El balance se ha realizado en el recientemente finalizado Edifici dels Esports que ha abierto sus puertas junto al Estadi Ol\u00edmpic de La Nuc\u00eda, tras una inversi\u00f3n municipal de 4,8 millones de euros. Cano ha destacado de esta nueva infraestructura que \u00abse va a convertir en el centro neur\u00e1lgico de la Ciutat Esportiva, donde se ubicar\u00e1n las oficinas centrales para coordinar su funcionamiento, con cuatro plantas y de 1.829 metros cuadrados\u00bb. <\/p>   <p>En 2025 abrir\u00e1 sus puertas el Consultorio Auxiliar de Salud de Bello Horizonte que contribuir\u00e1 al acercamiento del servicio al ciudadano y la descentralizaci\u00f3n del servicio, como ya pas\u00f3 con el Consultorio de Pinar de Garaita.<\/p>   <p>En materia educativa el primer edil ha destacado el inicio de las obras del Tercer Colegio de Infantil y Primaria de La Nuc\u00eda. El centro tendr\u00e1 dos aulas de ni\u00f1os de dos a\u00f1os, 6 de Infantil y 12 de Primaria. En total, se prev\u00e9 que el centro pueda acoger a 490 alumnos. Tambi\u00e9n han dado inicio, en el Sector Serreta, las obras de un nuevo colegio privado en La Nuc\u00eda el \u201cVallemar International School\u201d,que abrir\u00e1 sus puertas en septiembre de 2025, con formaci\u00f3n de 0 a 18 a\u00f1os.  <\/p>   <p>     .c-w{         max-width:444px;         width:100%;         margin:32px auto;      background:#00755E;         border-radius:4px;         display:flex;         align-items:center;         justify-content:center;     }     .c-w a{         display:flex;         align-items:center;         justify-content:center;         padding:4px 24px;     }     .c-w img{         width:24px;         margin-right:12px;     }     .c-w p{         font:18px\/25px Poppins;         text-align:center;         color:#fff;         margin:0;     }     @media (max-width:444px){         .c-w a{             padding:4px 12px;         }         .c-w img{             width:24px;             margin-right:8px;         }         .c-w p{             font:14px\/25px Poppins;         }     }     @media (max-width:335px){         .c-w p{             font:13px\/25px Poppins;         }     }  <div class=\"c-w\">     <a href=\"https:\/\/www.whatsapp.com\/channel\/0029Va633PF9WtC4l7XUzh1e\" rel=\"nofollow\" target=\"_blank\">         <img decoding=\"async\" src=\"https:\/\/cadenaser.com\/estaticos\/recursosgraficos\/responsive\/img\/ico-whatsapp.svg\" alt=\"Whatsapp\">         <p>\u00danete al <b>canal de WhatsApp<\/b> de la SER<\/p>     <\/a> <\/div><\/p>   <p>Precisamente en el Sector Serreta el a\u00f1o  que viene abrir\u00e1 sus puertas la primera de las tres zonas comerciales. Estas tres zonas comerciales sumar\u00e1n un total de 70.000 metros cuadrados y generar\u00e1 en total 700 puestos de trabajo, \u201cdinamizando el comercio local y convirti\u00e9ndonos en un centro de compras a nivel comarcal\u201d, a\u00f1ade Cano.<\/p>   <p>Por \u00faltimo en materia tur\u00edstica y al margen del aspecto deportivo que centra toda actividad en el municipio, el alcalde ha anunciado para el a\u00f1o que viene la redacci\u00f3n de los proyectos de la Rehabilitaci\u00f3n edificio para Casal Fester y del Museo Etnogr\u00e1fico del Captivador. As\u00ed como de las diferentes fases del gran proyecto de \u201cLa Ruta de l\u2019Aigua\u201d como la \u201cGaler\u00eda Subterr\u00e1nea\u201d, que conecta la Favara con Porvilla, por debajo del casco urbano.<\/p> ","protected":false},"excerpt":{"rendered":"<p>El alcalde, Bernbab\u00e9 Cano, hace balance del a\u00f1o en el Edifici dels Esports recientemente inaugurado<\/p>\n","protected":false},"author":0,"featured_media":11276,"comment_status":"open","ping_status":"open","sticky":false,"template":"","format":"standard","meta":{"_acf_changed":false,"footnotes":""},"categories":[1],"tags":[],"class_list":["post-11275","post","type-post","status-publish","format-standard","has-post-thumbnail","hentry","category-sin-categoria"],"acf":{"ser_id":"BPEJP47KINDQXEVTJH6MKLX7G4","ser_url":"https:\/\/cadenaser.com\/comunitat-valenciana\/2024\/12\/17\/2025-traera-a-la-nucia-el-tercer-colegio-un-consultorio-medico-para-bello-horizonte-y-mejoras-a-la-ciutat-esportiva-radio-benidorm\/"},"_links":{"self":[{"href":"https:\/\/serbenidorm.daliisolutions.com\/index.php\/wp-json\/wp\/v2\/posts\/11275","targetHints":{"allow":["GET"]}}],"collection":[{"href":"https:\/\/serbenidorm.daliisolutions.com\/index.php\/wp-json\/wp\/v2\/posts"}],"about":[{"href":"https:\/\/serbenidorm.daliisolutions.com\/index.php\/wp-json\/wp\/v2\/types\/post"}],"replies":[{"embeddable":true,"href":"https:\/\/serbenidorm.daliisolutions.com\/index.php\/wp-json\/wp\/v2\/comments?post=11275"}],"version-history":[{"count":0,"href":"https:\/\/serbenidorm.daliisolutions.com\/index.php\/wp-json\/wp\/v2\/posts\/11275\/revisions"}],"wp:featuredmedia":[{"embeddable":true,"href":"https:\/\/serbenidorm.daliisolutions.com\/index.php\/wp-json\/wp\/v2\/media\/11276"}],"wp:attachment":[{"href":"https:\/\/serbenidorm.daliisolutions.com\/index.php\/wp-json\/wp\/v2\/media?parent=11275"}],"wp:term":[{"taxonomy":"category","embeddable":true,"href":"https:\/\/serbenidorm.daliisolutions.com\/index.php\/wp-json\/wp\/v2\/categories?post=11275"},{"taxonomy":"post_tag","embeddable":true,"href":"https:\/\/serbenidorm.daliisolutions.com\/index.php\/wp-json\/wp\/v2\/tags?post=11275"}],"curies":[{"name":"wp","href":"https:\/\/api.w.org\/{rel}","templated":true}]}}