{"id":11292,"date":"2024-12-17T20:10:54","date_gmt":"2024-12-17T19:10:54","guid":{"rendered":"https:\/\/serbenidorm.daliisolutions.com\/index.php\/2024\/12\/17\/el-supremo-obliga-a-koldo-garcia-a-comparecer-cada-quince-dias-en-los-juzgados-de-benidorm\/"},"modified":"2024-12-17T20:10:54","modified_gmt":"2024-12-17T19:10:54","slug":"el-supremo-obliga-a-koldo-garcia-a-comparecer-cada-quince-dias-en-los-juzgados-de-benidorm","status":"publish","type":"post","link":"https:\/\/serbenidorm.daliisolutions.com\/index.php\/2024\/12\/17\/el-supremo-obliga-a-koldo-garcia-a-comparecer-cada-quince-dias-en-los-juzgados-de-benidorm\/","title":{"rendered":"El Supremo obliga a Koldo Garc\u00eda a comparecer cada quince d\u00edas en los juzgados de Benidorm"},"content":{"rendered":"  <p><div data-adtype=\"MLDB\"><\/div><\/p>   <p>Benidorm<\/p>   <p>La comarca de la Marina Baixa, donde conviven miles de turistas y residentes de muchos pa\u00edses distintos, se ha convertido en el refugio de Koldo Garc\u00eda, exasesor de Jos\u00e9 Lu\u00eds \u00c1balos, desde que su nombre saltara a los medios de comunicaci\u00f3n. Es por ello que a petici\u00f3n del mismo investigado <a href=\"https:\/\/cadenaser.com\/tag\/benidorm\/a\/\" target=\"_blank\">ser\u00e1n los juzgados de Benidorm, los m\u00e1s cercanos a su domicilio, donde comparezca de forma obligada cada quince d\u00edas<\/a>.<\/p>   <p>Todo despu\u00e9s de que el magistrado de la Sala Penal del Tribunal Supremo Leopoldo Puente, instructor de la causa por la supuesta contrataci\u00f3n irregular de mascarillas y material sanitario durante la pandemia, haya decidido mantener este martes mantener medidas cautelares como la prohibici\u00f3n de salida del territorio nacional, con retirada del pasaporte, y esas asistencias presenciales ante el juzgado decano de Benidorm.<\/p>  <p><p>M\u00e1s informaci\u00f3n<\/p><figure><img loading=\"lazy\" decoding=\"async\" src=\"https:\/\/cadenaser.com\/resizer\/v2\/NPXMYH3SXFGQZV5SG4YUT6YESY.jpg?auth=a0f1a813dba504436cfe934213ca3d668f7be2d62a31026eb460c25fdea3f214&amp;quality=70&amp;width=360&amp;height=202&amp;smart=true\" width=\"820\" height=\"621\" \/><\/figure><ul><li><a href=\"https:\/\/cadenaser.com\/nacional\/2024\/12\/17\/koldo-garcia-declara-este-martes-ante-el-supremo-tras-las-nuevas-acusaciones-de-aldama-cadena-ser\/\"><span>Koldo Garc\u00eda protege a \u00c1balos y niega en el Supremo que cobraran comisiones del conseguidor V\u00edctor de Aldama<\/span><\/a><\/li><\/ul><\/p>   <p>Koldo Garc\u00eda ha aducido los gastos que le suponen sus desplazamientos a Madrid, algo a lo que las acusaciones no se han opuesto, para justificar la elecci\u00f3n del tribunal de la capital tur\u00edstica, como han explicado a EFE fuentes jur\u00eddicas. El juez mantiene las cautelares porque \u00abpersisten los indicios de criminalidad\u00bb contra \u00e9l respecto a la posible comisi\u00f3n de delitos como integraci\u00f3n en organizaci\u00f3n criminal, tr\u00e1fico de influencias y cohecho. Adem\u00e1s, le advierte en su auto de que, de no cumplir con las obligaciones impuestas, se podr\u00eda acordar su ingreso en prisi\u00f3n.<\/p>   <p>El magistrado considera que las cautelares impuestas a Garc\u00eda \u00abno es solo que resultan precisas\u00bb para evitar que eluda la acci\u00f3n de la Justicia, sino que \u00abtambi\u00e9n resultan plenamente proporcionadas\u00bb, ya que \u00absolo de forma ligera e indispensable limitan el ejercicio de su libertad ambulatoria\u00bb.<\/p> ","protected":false},"excerpt":{"rendered":"<p>Tambi\u00e9n mantiene la retirada de su pasaporte tras declarar<\/p>\n","protected":false},"author":0,"featured_media":11293,"comment_status":"open","ping_status":"open","sticky":false,"template":"","format":"standard","meta":{"_acf_changed":false,"footnotes":""},"categories":[1],"tags":[],"class_list":["post-11292","post","type-post","status-publish","format-standard","has-post-thumbnail","hentry","category-sin-categoria"],"acf":{"ser_id":"4FDV4N44PFFSJHX4PCE62FMERM","ser_url":"https:\/\/cadenaser.com\/comunitat-valenciana\/2024\/12\/17\/el-supremo-obliga-a-comparecer-a-koldo-garcia-cada-quince-dias-en-los-juzgados-de-benidorm-radio-benidorm\/"},"_links":{"self":[{"href":"https:\/\/serbenidorm.daliisolutions.com\/index.php\/wp-json\/wp\/v2\/posts\/11292","targetHints":{"allow":["GET"]}}],"collection":[{"href":"https:\/\/serbenidorm.daliisolutions.com\/index.php\/wp-json\/wp\/v2\/posts"}],"about":[{"href":"https:\/\/serbenidorm.daliisolutions.com\/index.php\/wp-json\/wp\/v2\/types\/post"}],"replies":[{"embeddable":true,"href":"https:\/\/serbenidorm.daliisolutions.com\/index.php\/wp-json\/wp\/v2\/comments?post=11292"}],"version-history":[{"count":0,"href":"https:\/\/serbenidorm.daliisolutions.com\/index.php\/wp-json\/wp\/v2\/posts\/11292\/revisions"}],"wp:featuredmedia":[{"embeddable":true,"href":"https:\/\/serbenidorm.daliisolutions.com\/index.php\/wp-json\/wp\/v2\/media\/11293"}],"wp:attachment":[{"href":"https:\/\/serbenidorm.daliisolutions.com\/index.php\/wp-json\/wp\/v2\/media?parent=11292"}],"wp:term":[{"taxonomy":"category","embeddable":true,"href":"https:\/\/serbenidorm.daliisolutions.com\/index.php\/wp-json\/wp\/v2\/categories?post=11292"},{"taxonomy":"post_tag","embeddable":true,"href":"https:\/\/serbenidorm.daliisolutions.com\/index.php\/wp-json\/wp\/v2\/tags?post=11292"}],"curies":[{"name":"wp","href":"https:\/\/api.w.org\/{rel}","templated":true}]}}