{"id":11303,"date":"2024-12-18T09:48:33","date_gmt":"2024-12-18T08:48:33","guid":{"rendered":"https:\/\/serbenidorm.daliisolutions.com\/index.php\/2024\/12\/18\/la-guardia-civil-investiga-la-muerte-violenta-de-un-joven-en-la-vila-joiosa\/"},"modified":"2024-12-18T09:48:33","modified_gmt":"2024-12-18T08:48:33","slug":"la-guardia-civil-investiga-la-muerte-violenta-de-un-joven-en-la-vila-joiosa","status":"publish","type":"post","link":"https:\/\/serbenidorm.daliisolutions.com\/index.php\/2024\/12\/18\/la-guardia-civil-investiga-la-muerte-violenta-de-un-joven-en-la-vila-joiosa\/","title":{"rendered":"La Guardia Civil investiga la muerte violenta de un joven en La Vila Joiosa"},"content":{"rendered":"  <p><div data-adtype=\"MLDB\"><\/div><\/p>   <p>La Vila Joiosa<\/p>   <p>Un joven de entre 30 y 35 a\u00f1os fallec\u00eda de forma violenta ayer martes en La Vila Joiosa. Seg\u00fan han confirmado fuentes policiales a<a href=\"https:\/\/radiobenidorm.es\/\" rel=\"nofollow\" target=\"_blank\"> Radio Benidorm<\/a>, el suceso se produc\u00eda sobre las nueve de la ma\u00f1ana en La Moratella, una zona pr\u00f3xima a la depuradora, junto a la autov\u00eda A7.<\/p>   <p>El var\u00f3n fallec\u00eda como consecuencia de heridas por arma de fuego. Las mismas fuentes apuntan a que los investigadores barajan un posible ajuste de cuentas como uno de los m\u00f3viles del crimen.<\/p>   <p>La Guardia Civil se ha hecho cargo de la investigaci\u00f3n.<\/p>   <p>Por el momento no se ha producido detenciones.<\/p> ","protected":false},"excerpt":{"rendered":"<p>Por el momento no hay detenciones por este crimen ocurrido el martes a las 9 de la ma\u00f1ana en La Moratella<\/p>\n","protected":false},"author":0,"featured_media":11304,"comment_status":"open","ping_status":"open","sticky":false,"template":"","format":"standard","meta":{"_acf_changed":false,"footnotes":""},"categories":[1],"tags":[],"class_list":["post-11303","post","type-post","status-publish","format-standard","has-post-thumbnail","hentry","category-sin-categoria"],"acf":{"ser_id":"D5FYAOHFEBAIXKWW32I34ZZFAE","ser_url":"https:\/\/cadenaser.com\/comunitat-valenciana\/2024\/12\/18\/la-guardia-civil-investiga-la-muerte-violenta-de-un-joven-en-la-vila-joiosa-radio-benidorm\/"},"_links":{"self":[{"href":"https:\/\/serbenidorm.daliisolutions.com\/index.php\/wp-json\/wp\/v2\/posts\/11303","targetHints":{"allow":["GET"]}}],"collection":[{"href":"https:\/\/serbenidorm.daliisolutions.com\/index.php\/wp-json\/wp\/v2\/posts"}],"about":[{"href":"https:\/\/serbenidorm.daliisolutions.com\/index.php\/wp-json\/wp\/v2\/types\/post"}],"replies":[{"embeddable":true,"href":"https:\/\/serbenidorm.daliisolutions.com\/index.php\/wp-json\/wp\/v2\/comments?post=11303"}],"version-history":[{"count":0,"href":"https:\/\/serbenidorm.daliisolutions.com\/index.php\/wp-json\/wp\/v2\/posts\/11303\/revisions"}],"wp:featuredmedia":[{"embeddable":true,"href":"https:\/\/serbenidorm.daliisolutions.com\/index.php\/wp-json\/wp\/v2\/media\/11304"}],"wp:attachment":[{"href":"https:\/\/serbenidorm.daliisolutions.com\/index.php\/wp-json\/wp\/v2\/media?parent=11303"}],"wp:term":[{"taxonomy":"category","embeddable":true,"href":"https:\/\/serbenidorm.daliisolutions.com\/index.php\/wp-json\/wp\/v2\/categories?post=11303"},{"taxonomy":"post_tag","embeddable":true,"href":"https:\/\/serbenidorm.daliisolutions.com\/index.php\/wp-json\/wp\/v2\/tags?post=11303"}],"curies":[{"name":"wp","href":"https:\/\/api.w.org\/{rel}","templated":true}]}}