{"id":11307,"date":"2024-12-18T12:12:47","date_gmt":"2024-12-18T11:12:47","guid":{"rendered":"https:\/\/serbenidorm.daliisolutions.com\/index.php\/2024\/12\/18\/una-mujer-de-45-anos-muere-en-el-puerto-de-altea-tras-sufrir-una-caida\/"},"modified":"2024-12-18T12:12:47","modified_gmt":"2024-12-18T11:12:47","slug":"una-mujer-de-45-anos-muere-en-el-puerto-de-altea-tras-sufrir-una-caida","status":"publish","type":"post","link":"https:\/\/serbenidorm.daliisolutions.com\/index.php\/2024\/12\/18\/una-mujer-de-45-anos-muere-en-el-puerto-de-altea-tras-sufrir-una-caida\/","title":{"rendered":"Una mujer de 45 a\u00f1os muere en el puerto de Altea tras sufrir una ca\u00edda"},"content":{"rendered":"  <p><div data-adtype=\"MLDB\"><\/div><\/p>   <p>Altea<\/p>   <p>Una mujer de 45 a\u00f1os perd\u00eda la vida este martes por la ma\u00f1ana en las inmediaciones del puerto de Altea seg\u00fan ha confirmado el Centro de Informaci\u00f3n y Coordinaci\u00f3n de Urgencias (CICU). <a href=\"https:\/\/cadenaser.com\/tag\/altea\/a\/\" target=\"_blank\">El suceso se produc\u00eda en las inmediaciones del faro y el espig\u00f3n<\/a> y todo apunta a que la causa ha sido una ca\u00edda.<\/p>   <p>La Guardia Civil moviliz\u00f3 al Grupo de Rescate Especial de Intervenci\u00f3n en Monta\u00f1a (Ereim) de Ontinyent y un helic\u00f3ptero del servicio a\u00e9reo de Valencia para rescatar el cuerpo, que no presenta se\u00f1ales de violencia, pese a lo cual la benem\u00e9rita ha abierto una investigaci\u00f3n.<\/p>   <p>Emergencias desplaz\u00f3 por su parte una ambulancia de Soporte Vital B\u00e1sico (SVB) y un m\u00e9dico de atenci\u00f3n primaria que confirm\u00f3 la defunci\u00f3n. <\/p> ","protected":false},"excerpt":{"rendered":"<p>El suceso ocurr\u00eda este martes por la ma\u00f1ana<\/p>\n","protected":false},"author":0,"featured_media":11308,"comment_status":"open","ping_status":"open","sticky":false,"template":"","format":"standard","meta":{"_acf_changed":false,"footnotes":""},"categories":[1],"tags":[],"class_list":["post-11307","post","type-post","status-publish","format-standard","has-post-thumbnail","hentry","category-sin-categoria"],"acf":{"ser_id":"D7ZZSO5P2NCWJJK5TKONSQNN7Y","ser_url":"https:\/\/cadenaser.com\/comunitat-valenciana\/2024\/12\/18\/una-mujer-de-45-anos-muere-en-el-puerto-de-altea-tras-sufrir-una-caida-radio-benidorm\/"},"_links":{"self":[{"href":"https:\/\/serbenidorm.daliisolutions.com\/index.php\/wp-json\/wp\/v2\/posts\/11307","targetHints":{"allow":["GET"]}}],"collection":[{"href":"https:\/\/serbenidorm.daliisolutions.com\/index.php\/wp-json\/wp\/v2\/posts"}],"about":[{"href":"https:\/\/serbenidorm.daliisolutions.com\/index.php\/wp-json\/wp\/v2\/types\/post"}],"replies":[{"embeddable":true,"href":"https:\/\/serbenidorm.daliisolutions.com\/index.php\/wp-json\/wp\/v2\/comments?post=11307"}],"version-history":[{"count":0,"href":"https:\/\/serbenidorm.daliisolutions.com\/index.php\/wp-json\/wp\/v2\/posts\/11307\/revisions"}],"wp:featuredmedia":[{"embeddable":true,"href":"https:\/\/serbenidorm.daliisolutions.com\/index.php\/wp-json\/wp\/v2\/media\/11308"}],"wp:attachment":[{"href":"https:\/\/serbenidorm.daliisolutions.com\/index.php\/wp-json\/wp\/v2\/media?parent=11307"}],"wp:term":[{"taxonomy":"category","embeddable":true,"href":"https:\/\/serbenidorm.daliisolutions.com\/index.php\/wp-json\/wp\/v2\/categories?post=11307"},{"taxonomy":"post_tag","embeddable":true,"href":"https:\/\/serbenidorm.daliisolutions.com\/index.php\/wp-json\/wp\/v2\/tags?post=11307"}],"curies":[{"name":"wp","href":"https:\/\/api.w.org\/{rel}","templated":true}]}}