{"id":11309,"date":"2024-12-18T14:30:47","date_gmt":"2024-12-18T13:30:47","guid":{"rendered":"https:\/\/serbenidorm.daliisolutions.com\/index.php\/2024\/12\/18\/marisa-paredes-es-una-estrella-el-festival-de-cine-de-lalfas-del-pi-rinde-homenaje-a-su-faro-de-plata-1994\/"},"modified":"2024-12-18T14:30:47","modified_gmt":"2024-12-18T13:30:47","slug":"marisa-paredes-es-una-estrella-el-festival-de-cine-de-lalfas-del-pi-rinde-homenaje-a-su-faro-de-plata-1994","status":"publish","type":"post","link":"https:\/\/serbenidorm.daliisolutions.com\/index.php\/2024\/12\/18\/marisa-paredes-es-una-estrella-el-festival-de-cine-de-lalfas-del-pi-rinde-homenaje-a-su-faro-de-plata-1994\/","title":{"rendered":"\u00abMarisa Paredes es una estrella\u00bb: el Festival de Cine de l&#8217;Alf\u00e0s del Pi rinde homenaje a su Faro de Plata 1994"},"content":{"rendered":"  <p><div data-adtype=\"MLDB\"><\/div><\/p>   <p>L&#8217;Alf\u00e0s del Pi<\/p>   <p>Una nueva estrella brilla en el cielo y se refleja en el paseo mar\u00edtimo del Albir. Es la estrella de Marisa Paredes, como Fernando Guill\u00e9n Cuervo la defini\u00f3 en el verano de 1994 al entregarle el Faro de Plata del festival de Cine de l&#8217;Alf\u00e0s del Pi: \u00abMarisa es la elegancia, la inteligencia, el talento&#8230; Marisa Paredes es una estrella\u00bb.<\/p>   <p>Era la sexta edici\u00f3n de este festival y <a href=\"https:\/\/cadenaser.com\/tag\/lalfas_del_pi\/a\/\" target=\"_blank\">un p\u00fablico entregado que abarrotaba el patio de butacas del m\u00edtico Cine Roma<\/a> asist\u00eda a la gala en la que se conced\u00edan tres Faros de Plata a tres grandes de la escena: Paredes, otra chica Almod\u00f3var como Rossy de Palma y el director de cine, actor, guionista y productor Fernando Colomo.<\/p>  <p><p>M\u00e1s informaci\u00f3n<\/p><figure><img loading=\"lazy\" decoding=\"async\" src=\"https:\/\/cadenaser.com\/resizer\/v2\/Z4L4AB5FBVED7GTSKY4IXO3WMA.jpg?auth=7298ab6d1639f6016fe6c97aaa38c0dab346bc6298660c900936cb92539c0e73&amp;quality=70&amp;width=360&amp;height=202&amp;smart=true\" width=\"820\" height=\"621\" \/><\/figure><ul><li><a href=\"https:\/\/cadenaser.com\/nacional\/2024\/12\/17\/otra-forma-de-recordar-a-marisa-paredes-cadena-ser\/\"><span>Otra forma de recordar a Marisa Paredes<\/span><\/a><\/li><\/ul><\/p>   <p>Marisa Paredes, una de las int\u00e9rpretes m\u00e1s carism\u00e1ticas de nuestro pa\u00eds, dijo en su discurso de agradecimiento: \u00abMi vida est\u00e1 hecha para el escenario, pero sobre todo para que ustedes de alguna forma sean un poco m\u00e1s felices, yo tambi\u00e9n lo soy con ustedes\u00bb.<\/p>   <p>Su estrella luce desde entonces en la primera l\u00ednea de la playa de l\u2019Albir, entre algunos de los m\u00e1s grandes del mundo del cine y el teatro, con unas vistas impresionantes, entre la admiraci\u00f3n y el cari\u00f1o por el s\u00e9ptimo arte de este pueblo de la Marina Baixa.<\/p>   <p><div class=\"oembed youtube\"><iframe loading=\"lazy\" width=\"560\" height=\"315\" src=\"https:\/\/www.youtube.com\/embed\/QkQzgVOBZCM?feature=oembed\" frameborder=\"0\" allow=\"accelerometer; autoplay; clipboard-write; encrypted-media; gyroscope; picture-in-picture; web-share\" allowfullscreen title=\"Marisa Paredes, recuerdos... en #lAlf\u00e0s 2024\"><\/iframe><\/div><\/p> ","protected":false},"excerpt":{"rendered":"<p>La actriz, fallecida este martes, recibi\u00f3 el galard\u00f3n junto a Rossy de Palma y Fernando Colomo.<\/p>\n","protected":false},"author":0,"featured_media":11310,"comment_status":"open","ping_status":"open","sticky":false,"template":"","format":"standard","meta":{"_acf_changed":false,"footnotes":""},"categories":[1],"tags":[],"class_list":["post-11309","post","type-post","status-publish","format-standard","has-post-thumbnail","hentry","category-sin-categoria"],"acf":{"ser_id":"ELCBFRLKZBHJVEYGFINXZ3HI5Q","ser_url":"https:\/\/cadenaser.com\/comunitat-valenciana\/2024\/12\/18\/marisa-paredes-es-una-estrella-el-festival-de-cine-de-lalfas-del-pi-rinde-homenaje-a-su-faro-de-plata-1994-radio-benidorm\/"},"_links":{"self":[{"href":"https:\/\/serbenidorm.daliisolutions.com\/index.php\/wp-json\/wp\/v2\/posts\/11309","targetHints":{"allow":["GET"]}}],"collection":[{"href":"https:\/\/serbenidorm.daliisolutions.com\/index.php\/wp-json\/wp\/v2\/posts"}],"about":[{"href":"https:\/\/serbenidorm.daliisolutions.com\/index.php\/wp-json\/wp\/v2\/types\/post"}],"replies":[{"embeddable":true,"href":"https:\/\/serbenidorm.daliisolutions.com\/index.php\/wp-json\/wp\/v2\/comments?post=11309"}],"version-history":[{"count":0,"href":"https:\/\/serbenidorm.daliisolutions.com\/index.php\/wp-json\/wp\/v2\/posts\/11309\/revisions"}],"wp:featuredmedia":[{"embeddable":true,"href":"https:\/\/serbenidorm.daliisolutions.com\/index.php\/wp-json\/wp\/v2\/media\/11310"}],"wp:attachment":[{"href":"https:\/\/serbenidorm.daliisolutions.com\/index.php\/wp-json\/wp\/v2\/media?parent=11309"}],"wp:term":[{"taxonomy":"category","embeddable":true,"href":"https:\/\/serbenidorm.daliisolutions.com\/index.php\/wp-json\/wp\/v2\/categories?post=11309"},{"taxonomy":"post_tag","embeddable":true,"href":"https:\/\/serbenidorm.daliisolutions.com\/index.php\/wp-json\/wp\/v2\/tags?post=11309"}],"curies":[{"name":"wp","href":"https:\/\/api.w.org\/{rel}","templated":true}]}}