{"id":11321,"date":"2024-12-18T17:51:02","date_gmt":"2024-12-18T16:51:02","guid":{"rendered":"https:\/\/serbenidorm.daliisolutions.com\/index.php\/2024\/12\/18\/la-ampliacion-del-hospital-marina-baixa-terminara-en-2028-pero-puede-que-se-retrase\/"},"modified":"2024-12-18T17:51:02","modified_gmt":"2024-12-18T16:51:02","slug":"la-ampliacion-del-hospital-marina-baixa-terminara-en-2028-pero-puede-que-se-retrase","status":"publish","type":"post","link":"https:\/\/serbenidorm.daliisolutions.com\/index.php\/2024\/12\/18\/la-ampliacion-del-hospital-marina-baixa-terminara-en-2028-pero-puede-que-se-retrase\/","title":{"rendered":"La ampliaci\u00f3n del Hospital Marina Baixa terminar\u00e1 en 2028, pero \u00abpuede que se retrase\u00bb"},"content":{"rendered":"  <p><div data-adtype=\"MLDB\"><\/div><\/p>   <p>La Vila Joiosa<\/p>   <p>La Generalitat sacar\u00e1 a concurso el nuevo proyecto de ampliaci\u00f3n del Hospital Marina Baixa en el primer trimestre del a\u00f1o que viene tras cambiarlo para incluir, como ha defendido durante su visita de este mi\u00e9rcoles al centro el conseller de Sanidad Marciano G\u00f3mez, un aumento de hasta 113 camas.<\/p>   <p>G\u00f3mez ha vuelto a cargar contra el anterior gobierno por plantear \u00abuna ampliaci\u00f3n fake\u00bb que no supon\u00eda m\u00e1s capacidad alojativa y ha asegurado que con el proyecto modificado se conseguir\u00e1 rozar las 400 camas. Este proyecto, que se realizar\u00e1 en tres fases, supondr\u00e1 una inversi\u00f3n de m\u00e1s de 102 millones de euros frente a las 57 iniciales \u00aby subsanar\u00e1 las carencias detectadas\u00bb, ha explicado.<\/p>  <p><p>M\u00e1s informaci\u00f3n<\/p><figure><img loading=\"lazy\" decoding=\"async\" src=\"https:\/\/cadenaser.com\/resizer\/v2\/NAJ6LDLIDBI2JL2LMIDYWHDMCE.jpg?auth=cd5e5c5163ef3ad4f00b0862d5d15bc32ae9ed2eb94f97c1c3dcc897f4aa8b25&amp;quality=70&amp;width=360&amp;height=202&amp;smart=true\" width=\"820\" height=\"621\" \/><\/figure><ul><li><a href=\"https:\/\/cadenaser.com\/comunitat-valenciana\/2024\/11\/22\/la-vila-joiosa-reforzara-la-vigilancia-en-el-hospital-marina-baixa-por-la-creciente-inseguridad-radio-benidorm\/\"><span>La Vila Joiosa refuerza la vigilancia en el Hospital Marina Baixa por la creciente inseguridad<\/span><\/a><\/li><\/ul><\/p>   <p>La intenci\u00f3n, ha a\u00f1adido, es que la primera fase, que supone 41 camas m\u00e1s, pueda salir a concurso en el primer trimestre del 2025 y<a href=\"https:\/\/cadenaser.com\/tag\/comarca_la_marina_baixa\/a\/\" target=\"_blank\"> estar concluida a finales de 2026, aunque, como con el calendario de la reforma completa, toda fecha es susceptible de de sufrir retrasos.<\/a> <\/p>   <p>En cuanto a los servicios asistenciales, est\u00e1 previsto incluir un servicio de Urgencias, que contar\u00e1 con unidad de corta estancia, zona de diagn\u00f3stico por imagen dotada de dos salas TAC, resonancia magn\u00e9tica radiolog\u00eda y mam\u00f3grafo. En Urgencias habr\u00e1 una nueva \u00e1rea obst\u00e9trica para urgencias ginecol\u00f3gicas, una nueva UCI y una nueva central de esterilizaci\u00f3n.<\/p>   <p>Adem\u00e1s, se instalar\u00e1 un <a href=\"https:\/\/cadenaser.com\/tag\/vila_joiosa\/a\/\" target=\"_blank\">nuevo bloque quir\u00fargico con 12 quir\u00f3fanos<\/a>, as\u00ed como unidad de cirug\u00eda sin ingreso y unidad de reanimaci\u00f3n post-anest\u00e9sica.<\/p>   <p>     .c-w{         max-width:444px;         width:100%;         margin:32px auto;      background:#00755E;         border-radius:4px;         display:flex;         align-items:center;         justify-content:center;     }     .c-w a{         display:flex;         align-items:center;         justify-content:center;         padding:4px 24px;     }     .c-w img{         width:24px;         margin-right:12px;     }     .c-w p{         font:18px\/25px Poppins;         text-align:center;         color:#fff;         margin:0;     }     @media (max-width:444px){         .c-w a{             padding:4px 12px;         }         .c-w img{             width:24px;             margin-right:8px;         }         .c-w p{             font:14px\/25px Poppins;         }     }     @media (max-width:335px){         .c-w p{             font:13px\/25px Poppins;         }     }  <div class=\"c-w\">     <a href=\"https:\/\/www.whatsapp.com\/channel\/0029Va633PF9WtC4l7XUzh1e\" rel=\"nofollow\" target=\"_blank\">         <img decoding=\"async\" src=\"https:\/\/cadenaser.com\/estaticos\/recursosgraficos\/responsive\/img\/ico-whatsapp.svg\" alt=\"Whatsapp\">         <p>\u00danete al <b>canal de WhatsApp<\/b> de la SER<\/p>     <\/a> <\/div><\/p> ","protected":false},"excerpt":{"rendered":"<p>La primera fase se licitar\u00e1 en el primer trimestre del 2025<\/p>\n","protected":false},"author":0,"featured_media":11322,"comment_status":"open","ping_status":"open","sticky":false,"template":"","format":"standard","meta":{"_acf_changed":false,"footnotes":""},"categories":[1],"tags":[],"class_list":["post-11321","post","type-post","status-publish","format-standard","has-post-thumbnail","hentry","category-sin-categoria"],"acf":{"ser_id":"22IXL7SJZRB53CNVXHIJQI2GW4","ser_url":"https:\/\/cadenaser.com\/comunitat-valenciana\/2024\/12\/18\/la-ampliacion-del-hospital-marina-baixa-terminara-en-2028-pero-puede-que-se-retrase-radio-benidorm\/"},"_links":{"self":[{"href":"https:\/\/serbenidorm.daliisolutions.com\/index.php\/wp-json\/wp\/v2\/posts\/11321","targetHints":{"allow":["GET"]}}],"collection":[{"href":"https:\/\/serbenidorm.daliisolutions.com\/index.php\/wp-json\/wp\/v2\/posts"}],"about":[{"href":"https:\/\/serbenidorm.daliisolutions.com\/index.php\/wp-json\/wp\/v2\/types\/post"}],"replies":[{"embeddable":true,"href":"https:\/\/serbenidorm.daliisolutions.com\/index.php\/wp-json\/wp\/v2\/comments?post=11321"}],"version-history":[{"count":0,"href":"https:\/\/serbenidorm.daliisolutions.com\/index.php\/wp-json\/wp\/v2\/posts\/11321\/revisions"}],"wp:featuredmedia":[{"embeddable":true,"href":"https:\/\/serbenidorm.daliisolutions.com\/index.php\/wp-json\/wp\/v2\/media\/11322"}],"wp:attachment":[{"href":"https:\/\/serbenidorm.daliisolutions.com\/index.php\/wp-json\/wp\/v2\/media?parent=11321"}],"wp:term":[{"taxonomy":"category","embeddable":true,"href":"https:\/\/serbenidorm.daliisolutions.com\/index.php\/wp-json\/wp\/v2\/categories?post=11321"},{"taxonomy":"post_tag","embeddable":true,"href":"https:\/\/serbenidorm.daliisolutions.com\/index.php\/wp-json\/wp\/v2\/tags?post=11321"}],"curies":[{"name":"wp","href":"https:\/\/api.w.org\/{rel}","templated":true}]}}