{"id":11323,"date":"2024-12-18T17:51:04","date_gmt":"2024-12-18T16:51:04","guid":{"rendered":"https:\/\/serbenidorm.daliisolutions.com\/index.php\/2024\/12\/18\/las-policias-locales-de-la-marina-baixa-envian-2-600-juguetes-a-cinco-colegios-de-la-zona-cero-de-la-dana-de-valencia\/"},"modified":"2024-12-18T17:51:04","modified_gmt":"2024-12-18T16:51:04","slug":"las-policias-locales-de-la-marina-baixa-envian-2-600-juguetes-a-cinco-colegios-de-la-zona-cero-de-la-dana-de-valencia","status":"publish","type":"post","link":"https:\/\/serbenidorm.daliisolutions.com\/index.php\/2024\/12\/18\/las-policias-locales-de-la-marina-baixa-envian-2-600-juguetes-a-cinco-colegios-de-la-zona-cero-de-la-dana-de-valencia\/","title":{"rendered":"Las polic\u00edas locales de la Marina Baixa env\u00edan 2.600 juguetes a cinco colegios de la zona cero de la DANA de Valencia"},"content":{"rendered":"  <p><div data-adtype=\"MLDB\"><\/div><\/p>   <p>Benidorm<\/p>   <p>M\u00e1s de 2.600 juguetes recogidos, adem\u00e1s de material escolar, para donar a la zona cero de la DANA que ha asolado buena parte de la provincia de Valencia. Este es el balance de la campa\u00f1a solidaria organizada por la filial en Alicante de la International Police Association (IPA) y los cuerpos policiales de la Marina Baixa.<\/p>   <p>Una recogida que ha tenido lugar, en concreto, en las centrales de la <a href=\"https:\/\/cadenaser.com\/tag\/comarca_la_marina_baixa\/a\/\" target=\"_blank\">Polic\u00eda Local de l\u2019Alf\u00e0s del Pi, Altea, Benidorm, Callosa d\u2019en Sarri\u00e0, Finestrat, La Nuc\u00eda, Polop de la Marina y La Vila Joiosa<\/a>.<\/p>   <p>En concreto, los centros beneficiados por esta iniciativa solidaria han sido los colegios colegio San Clemente de Sedav\u00ed, San Carlos Borromeo de Albal, La Fila de Alfafar y Rosa Serrano de Paiporta.<\/p>   <p>El delegado de IPA, Fernando Portela, ha explicado a <a href=\"https:\/\/cadenaser.com\/tag\/benidorm\/a\/\" target=\"_blank\">Radio Benidorm <\/a>lo emocionante de la entrega que ten\u00eda lugar este martes: \u00abLa acogida por parte del profesorado y los directores fue inmensa, una alegr\u00eda desbordante, muy humana, le damos las gracias nosotros a ellos\u00bb.<\/p>   <p>M\u00e1s campa\u00f1as de recogida de juguetes<\/p>   <p>Tambi\u00e9n para los afectados por esta cat\u00e1strofe JOVEMPA, la asociaciones de j\u00f3venes empresarios de la Marina Baixa, ha comenzado otra campa\u00f1a de recogida de juguetes hasta el 24 de diciembre, en el espai coworking de la avenida Juan Fuster Zaragoza de Benidorm.<\/p>   <p>     .c-w{         max-width:444px;         width:100%;         margin:32px auto;      background:#00755E;         border-radius:4px;         display:flex;         align-items:center;         justify-content:center;     }     .c-w a{         display:flex;         align-items:center;         justify-content:center;         padding:4px 24px;     }     .c-w img{         width:24px;         margin-right:12px;     }     .c-w p{         font:18px\/25px Poppins;         text-align:center;         color:#fff;         margin:0;     }     @media (max-width:444px){         .c-w a{             padding:4px 12px;         }         .c-w img{             width:24px;             margin-right:8px;         }         .c-w p{             font:14px\/25px Poppins;         }     }     @media (max-width:335px){         .c-w p{             font:13px\/25px Poppins;         }     }  <div class=\"c-w\">     <a href=\"https:\/\/www.whatsapp.com\/channel\/0029Va633PF9WtC4l7XUzh1e\" rel=\"nofollow\" target=\"_blank\">         <img decoding=\"async\" src=\"https:\/\/cadenaser.com\/estaticos\/recursosgraficos\/responsive\/img\/ico-whatsapp.svg\" alt=\"Whatsapp\">         <p>\u00danete al <b>canal de WhatsApp<\/b> de la SER<\/p>     <\/a> <\/div><\/p> ","protected":false},"excerpt":{"rendered":"<p>En Sedav\u00ed, Alfafar, Catarroja, Paiporta y Albal<\/p>\n","protected":false},"author":0,"featured_media":11324,"comment_status":"open","ping_status":"open","sticky":false,"template":"","format":"standard","meta":{"_acf_changed":false,"footnotes":""},"categories":[1],"tags":[],"class_list":["post-11323","post","type-post","status-publish","format-standard","has-post-thumbnail","hentry","category-sin-categoria"],"acf":{"ser_id":"V2GXIAXTGVAFNP34IZGGPLRQNE","ser_url":"https:\/\/cadenaser.com\/comunitat-valenciana\/2024\/12\/18\/las-policias-locales-de-la-marina-baixa-envian-2600-juguetes-a-cinco-colegios-de-la-zona-cero-de-la-dana-de-valencia-radio-benidorm\/"},"_links":{"self":[{"href":"https:\/\/serbenidorm.daliisolutions.com\/index.php\/wp-json\/wp\/v2\/posts\/11323","targetHints":{"allow":["GET"]}}],"collection":[{"href":"https:\/\/serbenidorm.daliisolutions.com\/index.php\/wp-json\/wp\/v2\/posts"}],"about":[{"href":"https:\/\/serbenidorm.daliisolutions.com\/index.php\/wp-json\/wp\/v2\/types\/post"}],"replies":[{"embeddable":true,"href":"https:\/\/serbenidorm.daliisolutions.com\/index.php\/wp-json\/wp\/v2\/comments?post=11323"}],"version-history":[{"count":0,"href":"https:\/\/serbenidorm.daliisolutions.com\/index.php\/wp-json\/wp\/v2\/posts\/11323\/revisions"}],"wp:featuredmedia":[{"embeddable":true,"href":"https:\/\/serbenidorm.daliisolutions.com\/index.php\/wp-json\/wp\/v2\/media\/11324"}],"wp:attachment":[{"href":"https:\/\/serbenidorm.daliisolutions.com\/index.php\/wp-json\/wp\/v2\/media?parent=11323"}],"wp:term":[{"taxonomy":"category","embeddable":true,"href":"https:\/\/serbenidorm.daliisolutions.com\/index.php\/wp-json\/wp\/v2\/categories?post=11323"},{"taxonomy":"post_tag","embeddable":true,"href":"https:\/\/serbenidorm.daliisolutions.com\/index.php\/wp-json\/wp\/v2\/tags?post=11323"}],"curies":[{"name":"wp","href":"https:\/\/api.w.org\/{rel}","templated":true}]}}