{"id":11358,"date":"2024-12-19T20:20:43","date_gmt":"2024-12-19T19:20:43","guid":{"rendered":"https:\/\/serbenidorm.daliisolutions.com\/index.php\/2024\/12\/19\/polop-concreta-las-fechas-para-rehabilitar-el-castillo-licitar-el-reten-de-la-policia-y-abrir-la-nueva-piscina\/"},"modified":"2024-12-19T20:20:43","modified_gmt":"2024-12-19T19:20:43","slug":"polop-concreta-las-fechas-para-rehabilitar-el-castillo-licitar-el-reten-de-la-policia-y-abrir-la-nueva-piscina","status":"publish","type":"post","link":"https:\/\/serbenidorm.daliisolutions.com\/index.php\/2024\/12\/19\/polop-concreta-las-fechas-para-rehabilitar-el-castillo-licitar-el-reten-de-la-policia-y-abrir-la-nueva-piscina\/","title":{"rendered":"Polop concreta las fechas para rehabilitar el castillo, licitar el ret\u00e9n de la polic\u00eda y abrir la nueva piscina"},"content":{"rendered":"  <p><div data-adtype=\"MLDB\"><\/div><\/p>   <p>Polop de la Marina<\/p>   <p>El Ayuntamiento de Polop comenzar\u00e1 despu\u00e9s de la Navidad las obras de rehabilitaci\u00f3n del castillo. As\u00ed lo ha confirmado este jueves el alcalde Jos\u00e9 Luis Susmozas durante el encuentro de balance de a\u00f1o que ha mantenido con los medios. <\/p>   <p>Esta actuaci\u00f3n, cuya acta de replanteo ya se ha firmado, est\u00e1 valorada en medio mill\u00f3n de euros y se une, entre las m\u00e1s destacadas de cara al 2025, a las del <a href=\"https:\/\/cadenaser.com\/tag\/polop\/a\/\" target=\"_blank\">nuevo ret\u00e9n de Polic\u00eda Local, que se va a licitar por 300.000 euros<\/a>, o a las de nueva piscina, que Susmozas conf\u00eda en que est\u00e9 terminada antes del verano. <\/p>  <p><p>M\u00e1s informaci\u00f3n<\/p><figure><img loading=\"lazy\" decoding=\"async\" src=\"https:\/\/cadenaser.com\/resizer\/v2\/LQYLCQFTDVDNJAFO7FYTW3ZFGQ.jpeg?auth=2900d1b243bc7a0d05fbe26ea6b6578839dfe98a9588726646b6a2b433d2cada&amp;quality=70&amp;width=360&amp;height=202&amp;smart=true\" width=\"820\" height=\"621\" \/><\/figure><ul><li><a href=\"https:\/\/cadenaser.com\/comunitat-valenciana\/2024\/12\/18\/las-policias-locales-de-la-marina-baixa-envian-2600-juguetes-a-cinco-colegios-de-la-zona-cero-de-la-dana-de-valencia-radio-benidorm\/\"><span>Las polic\u00edas locales de la Marina Baixa env\u00edan 2.600 juguetes a cinco colegios de la zona cero de la DANA de Valencia<\/span><\/a><\/li><\/ul><\/p>   <p>De lo terminado este a\u00f1o el primer edil ha subrayado la mejora del acceso desde La Nuc\u00eda, la adecuaci\u00f3n del aparcamiento de El Le\u00f3n Dormido, la mejora de las aceras y de la zona escolar \u00aby especialmente la construcci\u00f3n del vial del colegio Sant Roc, este proyecto considerado imposible durante doce a\u00f1os es hoy una realidad\u00bb.<\/p>   <p>Por otro lado<a href=\"https:\/\/cadenaser.com\/tag\/comarca_la_marina_baixa\/a\/\" target=\"_blank\"> sigue suspendida la concesi\u00f3n de licencias para nuevas viviendas tur\u00edsticas <\/a>a esperas del resultado del estudio que est\u00e1 haciendo en la localidad la Universidad de Alicante y que se conocer\u00e1 a lo largo del pr\u00f3ximo a\u00f1o.<\/p>   <p>Pacto PP &#8211; Gent per Polop<\/p>   <p>La concejala de Gent per Polop (ex de Comprom\u00eds) \u00c1ngela Fuster, responsable de Cultura y Deporte y apoyo del gobierno del Partido Popular, tambi\u00e9n se ha referido en el encuentro a la salud del pacto: \u00abHay que hablar mucho porque somos siete personas y esto es nuevo para todos, pero estamos muy contentos y lo que tenemos en el pacto se est\u00e1 cumpliendo\u00bb.<\/p>   <p>     .c-w{         max-width:444px;         width:100%;         margin:32px auto;      background:#00755E;         border-radius:4px;         display:flex;         align-items:center;         justify-content:center;     }     .c-w a{         display:flex;         align-items:center;         justify-content:center;         padding:4px 24px;     }     .c-w img{         width:24px;         margin-right:12px;     }     .c-w p{         font:18px\/25px Poppins;         text-align:center;         color:#fff;         margin:0;     }     @media (max-width:444px){         .c-w a{             padding:4px 12px;         }         .c-w img{             width:24px;             margin-right:8px;         }         .c-w p{             font:14px\/25px Poppins;         }     }     @media (max-width:335px){         .c-w p{             font:13px\/25px Poppins;         }     }  <div class=\"c-w\">     <a href=\"https:\/\/www.whatsapp.com\/channel\/0029Va633PF9WtC4l7XUzh1e\" rel=\"nofollow\" target=\"_blank\">         <img decoding=\"async\" src=\"https:\/\/cadenaser.com\/estaticos\/recursosgraficos\/responsive\/img\/ico-whatsapp.svg\" alt=\"Whatsapp\">         <p>\u00danete al <b>canal de WhatsApp<\/b> de la SER<\/p>     <\/a> <\/div><\/p>   <p>De sus \u00e1reas Fuster ha destacado haber extendido la programaci\u00f3n cultural de Polop durante todas las estaciones del a\u00f1o o el nuevo taller de colombicultura.<\/p> ","protected":false},"excerpt":{"rendered":"<p>Durante el balance de a\u00f1o de su alcalde Jos\u00e9 Lu\u00eds Susmozas<\/p>\n","protected":false},"author":0,"featured_media":11359,"comment_status":"open","ping_status":"open","sticky":false,"template":"","format":"standard","meta":{"_acf_changed":false,"footnotes":""},"categories":[1],"tags":[],"class_list":["post-11358","post","type-post","status-publish","format-standard","has-post-thumbnail","hentry","category-sin-categoria"],"acf":{"ser_id":"Y2NEUYCQRNAYNBAYG4HVUKUFZI","ser_url":"https:\/\/cadenaser.com\/comunitat-valenciana\/2024\/12\/19\/polop-concreta-las-fechas-para-rehabilitar-el-castillo-licitar-el-reten-de-la-policia-y-abrir-la-nueva-piscina-radio-benidorm\/"},"_links":{"self":[{"href":"https:\/\/serbenidorm.daliisolutions.com\/index.php\/wp-json\/wp\/v2\/posts\/11358","targetHints":{"allow":["GET"]}}],"collection":[{"href":"https:\/\/serbenidorm.daliisolutions.com\/index.php\/wp-json\/wp\/v2\/posts"}],"about":[{"href":"https:\/\/serbenidorm.daliisolutions.com\/index.php\/wp-json\/wp\/v2\/types\/post"}],"replies":[{"embeddable":true,"href":"https:\/\/serbenidorm.daliisolutions.com\/index.php\/wp-json\/wp\/v2\/comments?post=11358"}],"version-history":[{"count":0,"href":"https:\/\/serbenidorm.daliisolutions.com\/index.php\/wp-json\/wp\/v2\/posts\/11358\/revisions"}],"wp:featuredmedia":[{"embeddable":true,"href":"https:\/\/serbenidorm.daliisolutions.com\/index.php\/wp-json\/wp\/v2\/media\/11359"}],"wp:attachment":[{"href":"https:\/\/serbenidorm.daliisolutions.com\/index.php\/wp-json\/wp\/v2\/media?parent=11358"}],"wp:term":[{"taxonomy":"category","embeddable":true,"href":"https:\/\/serbenidorm.daliisolutions.com\/index.php\/wp-json\/wp\/v2\/categories?post=11358"},{"taxonomy":"post_tag","embeddable":true,"href":"https:\/\/serbenidorm.daliisolutions.com\/index.php\/wp-json\/wp\/v2\/tags?post=11358"}],"curies":[{"name":"wp","href":"https:\/\/api.w.org\/{rel}","templated":true}]}}