{"id":11373,"date":"2024-12-20T15:21:41","date_gmt":"2024-12-20T14:21:41","guid":{"rendered":"https:\/\/serbenidorm.daliisolutions.com\/index.php\/2024\/12\/20\/benidorm-alcanzara-en-2025-los-75-000-empadronados-que-le-permitiria-alcanzar-el-estatus-de-gran-ciudad\/"},"modified":"2024-12-20T15:21:41","modified_gmt":"2024-12-20T14:21:41","slug":"benidorm-alcanzara-en-2025-los-75-000-empadronados-que-le-permitiria-alcanzar-el-estatus-de-gran-ciudad","status":"publish","type":"post","link":"https:\/\/serbenidorm.daliisolutions.com\/index.php\/2024\/12\/20\/benidorm-alcanzara-en-2025-los-75-000-empadronados-que-le-permitiria-alcanzar-el-estatus-de-gran-ciudad\/","title":{"rendered":"Benidorm alcanzar\u00e1 en 2025 los 75.000 empadronados que le permitir\u00eda alcanzar el estatus de \u201cgran ciudad\u201d"},"content":{"rendered":"  <p><div data-adtype=\"MLDB\"><\/div><\/p>   <p>Benidorm<\/p>   <p>Benidorm prev\u00e9 alcanzar en 2025 los 75.000 empadronados por primera vez en su historia lo que permitir\u00eda al municipio alcanzar el estatus de \u201cgran ciudad\u201d y acceder a la financiaci\u00f3n que ello implica. As\u00ed lo ha anunciado el alcalde de Benidorm Toni Perez en <a href=\"https:\/\/radiobenidorm.es\/\" rel=\"nofollow\" target=\"_blank\">Hoy por Hoy Benidorm<\/a> tras el encuentro navide\u00f1o con los medios de comunicaci\u00f3n.<\/p>   <p>La ciudad tiene actualmente 74.663 habitantes censados por lo que P\u00e9rez estima que el techo de los 75.000 vecinos de derecho se alcance \u201cr\u00e1pidamente\u201d. Ademas el alcalde ha destacado que en el \u00faltimo a\u00f1o la ciudad ha crecido en casi 2.500 empadronados \u201cseg\u00fan los datos a 1 de enero de 2024 confirmados hace escasos d\u00edas por el INE\u201d. Actualmente el padr\u00f3n de Benidorm cuenta con 74.663 vecinos.<\/p>   <p>Adem\u00e1s P\u00e9rez ha anunciado que hoy mismo la Junta de Gobierno Local ha dado luz verde al convenio con el Consorcio de Aguas de la Marina Baixa que aprueba la asistencia t\u00e9cnica para la redacci\u00f3n del proyecto de la planta desalinizadora que ser\u00e1 gestionada por el Consorcio y se construir\u00e1 en Benidorm dando servicio no solo a la ciudad sino tambi\u00e9n al resto de municipios consorciados. \u201cEsta importante infraestructura abastecer\u00e1 a la comarca y reducir\u00e1 la necesidad de recurrir a aportes externos en momentos de sequia como el actual\u201d.<\/p>   <p>Tras la aprobaci\u00f3n del convenio se inicia el tr\u00e1mite para la cesi\u00f3n del suelo necesario en Benidorm para el desarrollo de esa gran infraestructura. \u201cCreemos firmemente que nuestro modelo de gesti\u00f3n h\u00eddrica es excepcional, pero tambi\u00e9n mejorable, y por eso no vamos a dejar de invertir para aprovechar y asegurar hasta la \u00faltima gota de agua\u201d, ha manifestado.<\/p>   <p>Del 2025 el primer edil ha destacado el 700 aniversario de la fundaci\u00f3n de Benidorm el 8 de mayo de 1325 con la concesi\u00f3n de la Carta Pobla y la concesi\u00f3n de la distinci\u00f3n European Green Pioneer of Smart Tourism por parte de la Comisi\u00f3n Europea que marcar\u00e1 toda actividad para el a\u00f1o pr\u00f3ximo. Un reconocimiento \u201cimpensable e inalcanzable hasta hace apenas unos a\u00f1os\u201d pero que, en palabras de P\u00e9rez, viene a reconocer todo el trabajo realizado por el gobierno local para \u201crecuperar e incrementar nuestro valor reputacional. Tener un destino l\u00edder y que Europa te reconozca por tu modelo de sostenibilidad es un \u00e9xito\u201d.<\/p>   <p>     .c-w{         max-width:444px;         width:100%;         margin:32px auto;      background:#00755E;         border-radius:4px;         display:flex;         align-items:center;         justify-content:center;     }     .c-w a{         display:flex;         align-items:center;         justify-content:center;         padding:4px 24px;     }     .c-w img{         width:24px;         margin-right:12px;     }     .c-w p{         font:18px\/25px Poppins;         text-align:center;         color:#fff;         margin:0;     }     @media (max-width:444px){         .c-w a{             padding:4px 12px;         }         .c-w img{             width:24px;             margin-right:8px;         }         .c-w p{             font:14px\/25px Poppins;         }     }     @media (max-width:335px){         .c-w p{             font:13px\/25px Poppins;         }     }  <div class=\"c-w\">     <a href=\"https:\/\/www.whatsapp.com\/channel\/0029Va633PF9WtC4l7XUzh1e\" rel=\"nofollow\" target=\"_blank\">         <img decoding=\"async\" src=\"https:\/\/cadenaser.com\/estaticos\/recursosgraficos\/responsive\/img\/ico-whatsapp.svg\" alt=\"Whatsapp\">         <p>\u00danete al <b>canal de WhatsApp<\/b> de la SER<\/p>     <\/a> <\/div><\/p>   <p>En materia h\u00eddrica, el alcalde tambi\u00e9n ha avanzado que la ciudad va a volver a concurrir a la tercera convocatoria de ayudas europeas encaminadas a financiar proyectos de mejora de la eficiencia del ciclo urbano del agua en el marco del Pan de Recuperaci\u00f3n, Transformaci\u00f3n y Resiliencia (PERTE). Benidorm solicitar\u00e1 1,4 millones de euros para ejecutar 21 actuaciones para el desarrollo de planes de resiliencia frente a fen\u00f3menos extremos, para ahondar en la monitorizaci\u00f3n de la red h\u00eddrica o para impulsar herramientas que favorezcan el acceso a informaci\u00f3n en tiempo real a la administraci\u00f3n y ciudadan\u00eda.<\/p> ","protected":false},"excerpt":{"rendered":"<p>El alcalde anuncia la aprobaci\u00f3n del convenio con el Consorcio de Aguas para construir una desaladora <\/p>\n","protected":false},"author":0,"featured_media":11374,"comment_status":"open","ping_status":"open","sticky":false,"template":"","format":"standard","meta":{"_acf_changed":false,"footnotes":""},"categories":[1],"tags":[],"class_list":["post-11373","post","type-post","status-publish","format-standard","has-post-thumbnail","hentry","category-sin-categoria"],"acf":{"ser_id":"TY3WI4KG5JGYVDFHQQDTLRNIXQ","ser_url":"https:\/\/cadenaser.com\/comunitat-valenciana\/2024\/12\/20\/benidorm-alcanzara-en-2025-los-75000-empadronados-que-le-permitiria-alcanzar-el-estatus-de-gran-ciudad-radio-benidorm\/"},"_links":{"self":[{"href":"https:\/\/serbenidorm.daliisolutions.com\/index.php\/wp-json\/wp\/v2\/posts\/11373","targetHints":{"allow":["GET"]}}],"collection":[{"href":"https:\/\/serbenidorm.daliisolutions.com\/index.php\/wp-json\/wp\/v2\/posts"}],"about":[{"href":"https:\/\/serbenidorm.daliisolutions.com\/index.php\/wp-json\/wp\/v2\/types\/post"}],"replies":[{"embeddable":true,"href":"https:\/\/serbenidorm.daliisolutions.com\/index.php\/wp-json\/wp\/v2\/comments?post=11373"}],"version-history":[{"count":0,"href":"https:\/\/serbenidorm.daliisolutions.com\/index.php\/wp-json\/wp\/v2\/posts\/11373\/revisions"}],"wp:featuredmedia":[{"embeddable":true,"href":"https:\/\/serbenidorm.daliisolutions.com\/index.php\/wp-json\/wp\/v2\/media\/11374"}],"wp:attachment":[{"href":"https:\/\/serbenidorm.daliisolutions.com\/index.php\/wp-json\/wp\/v2\/media?parent=11373"}],"wp:term":[{"taxonomy":"category","embeddable":true,"href":"https:\/\/serbenidorm.daliisolutions.com\/index.php\/wp-json\/wp\/v2\/categories?post=11373"},{"taxonomy":"post_tag","embeddable":true,"href":"https:\/\/serbenidorm.daliisolutions.com\/index.php\/wp-json\/wp\/v2\/tags?post=11373"}],"curies":[{"name":"wp","href":"https:\/\/api.w.org\/{rel}","templated":true}]}}