{"id":11385,"date":"2024-12-21T07:18:26","date_gmt":"2024-12-21T06:18:26","guid":{"rendered":"https:\/\/serbenidorm.daliisolutions.com\/index.php\/2024\/12\/21\/los-tres-cuentos-de-navidad-de-radio-benidorm\/"},"modified":"2024-12-21T07:18:26","modified_gmt":"2024-12-21T06:18:26","slug":"los-tres-cuentos-de-navidad-de-radio-benidorm","status":"publish","type":"post","link":"https:\/\/serbenidorm.daliisolutions.com\/index.php\/2024\/12\/21\/los-tres-cuentos-de-navidad-de-radio-benidorm\/","title":{"rendered":"Los tres cuentos de Navidad de Radio Benidorm"},"content":{"rendered":"  <p><div data-adtype=\"MLDB\"><\/div><\/p>   <p>Benidorm<\/p>   <p>Por tercer a\u00f1o consecutivo y tras el cl\u00e1sico de Charles Dickens y \u00abQuieta Nit\u00bb, de Pere Calders, <a href=\"https:\/\/cadenaser.com\/tag\/benidorm\/a\/\" target=\"_blank\">Radio Benidorm<\/a> presenta su cuento de Navidad del 2024, aunque en este caso no ser\u00e1 un cuento sino tres.<\/p>   <p>Manuel Palaz\u00f3n ha adaptado para la ocasi\u00f3n \u00abEl republicano y los Reyes Magos\u00bb de Jos\u00e9 Mar\u00eda Pem\u00e1n, \u00abPor qu\u00e9 Maruja no cree en los Reyes Magos\u00bb de Jos\u00e9 Franc\u00e9s y \u00abEl primer milagro\u00bb de Jos\u00e9 Mart\u00ednez Ru\u00edz, Azor\u00edn.<\/p>   <p>Los encargados de llevar estas tres obras a las ondas ser\u00e1n de nuevo los actores de la <a href=\"https:\/\/cadenaser.com\/tag\/comarca_la_marina_baixa\/a\/\" target=\"_blank\">Agrupaci\u00f3n Coral de Benidorm (ACB)<\/a> con las voces de Concha Casimiro, Rose Marie Speckens, Mariano S\u00e1nchez y Palaz\u00f3n.<\/p>  <p><figure><img loading=\"lazy\" decoding=\"async\" src=\"https:\/\/cadenaser.com\/resizer\/v2\/EJUWCRCQGJPJZE7KZPWKIZ7S4E.jpg?auth=c0b739273807a385e7a4f9933fa6bce923a1faf4628eb2bc5e85a035ee8f8381&amp;quality=70&amp;width=360&amp;height=202&amp;smart=true\" alt=\"Vuelve a escuchar el cuento de Navidad del 2022\" width=\"240\" height=\"135\" \/><\/figure><div><a href=\"https:\/\/cadenaser.com\/comunitat-valenciana\/2022\/12\/23\/quieta-nit-el-cuento-de-navidad-de-radio-benidorm-radio-benidorm\/\">Vuelve a escuchar el cuento de Navidad del 2022<\/a><p><\/p><\/div><\/p>   <p>Tres cuentos que giran en torno a los Reyes Magos para no dejar indiferente a nadie entrelazando humor, cuestiones sociales o de actualidad y el ingrediente imprescindible: las emociones.<\/p>  <p><figure><img loading=\"lazy\" decoding=\"async\" src=\"https:\/\/cadenaser.com\/resizer\/v2\/E452VU7THZKC7LIYLBJ3VPCWWY.jpg?auth=f15b9345268c6d0dbe567cdaea7bbf06c58d7203c756ae9adc9756e83cae5b7b&amp;quality=70&amp;width=360&amp;height=202&amp;smart=true\" alt=\"Vuelve a escuchar el cuento de Navidad del 2023\" width=\"240\" height=\"135\" \/><\/figure><div><a href=\"https:\/\/cadenaser.com\/comunitat-valenciana\/2023\/12\/22\/escucha-el-cuento-de-navidad-de-radio-benidorm-radio-benidorm\/\">Vuelve a escuchar el cuento de Navidad del 2023<\/a><p><\/p><\/div><\/p>   <p>Manolito Gafotas, el cuento de Navidad de la SER<\/p>   <p>El pr\u00f3ximo martes 25 de diciembre, d\u00eda de Navidad, a las 12:00, <a href=\"https:\/\/cadenaser.com\/especial\/cuento-de-navidad-manolito-gafotas\/\" target=\"_blank\">Manolito Gafotas vuelve a la SER dos d\u00e9cadas despu\u00e9s<\/a> para protagonizar el Cuento de Navidad de 2024 con las voces de la propia autora, Elvira Lindo, as\u00ed como Ram\u00f3n Barea, Ra\u00fal Cimas, Silvia Abril o Pepa Rus.<\/p>   <p>     .c-w{         max-width:444px;         width:100%;         margin:32px auto;      background:#00755E;         border-radius:4px;         display:flex;         align-items:center;         justify-content:center;     }     .c-w a{         display:flex;         align-items:center;         justify-content:center;         padding:4px 24px;     }     .c-w img{         width:24px;         margin-right:12px;     }     .c-w p{         font:18px\/25px Poppins;         text-align:center;         color:#fff;         margin:0;     }     @media (max-width:444px){         .c-w a{             padding:4px 12px;         }         .c-w img{             width:24px;             margin-right:8px;         }         .c-w p{             font:14px\/25px Poppins;         }     }     @media (max-width:335px){         .c-w p{             font:13px\/25px Poppins;         }     }  <div class=\"c-w\">     <a href=\"https:\/\/www.whatsapp.com\/channel\/0029Va633PF9WtC4l7XUzh1e\" rel=\"nofollow\" target=\"_blank\">         <img decoding=\"async\" src=\"https:\/\/cadenaser.com\/estaticos\/recursosgraficos\/responsive\/img\/ico-whatsapp.svg\" alt=\"Whatsapp\">         <p>\u00danete al <b>canal de WhatsApp<\/b> de la SER<\/p>     <\/a> <\/div><\/p>   <p><div class=\"oembed tiktok\"><blockquote class=\"tiktok-embed\" cite=\"https:\/\/www.tiktok.com\/@la_ser\/video\/7449672330143354145\" data-video-id=\"7449672330143354145\" data-embed-from=\"oembed\" style=\"max-width:605px;min-width:325px\"> <section> <a target=\"_blank\" title=\"@la_ser\" href=\"https:\/\/www.tiktok.com\/@la_ser?refer=embed\">@la_ser<\/a> <p>\ud83e\udd79 Manolito Gafotas tiene muy claro por qu\u00e9 su abuelo debe vivir muchos a\u00f1os \ud83d\udc74 Ram\u00f3n Barea es el abuelo Nicol\u00e1s en el CuentoDeNavidadDeLaSER, la creaci\u00f3n de Elvira Lindo que se estrena el 25 de diciembre a las 12:00 h. <a title=\"humor\" target=\"_blank\" href=\"https:\/\/www.tiktok.com\/tag\/humor?refer=embed\">#humor<\/a> <a title=\"cuento\" target=\"_blank\" href=\"https:\/\/www.tiktok.com\/tag\/cuento?refer=embed\">#cuento<\/a> <a title=\"cuentodenavidad\" target=\"_blank\" href=\"https:\/\/www.tiktok.com\/tag\/cuentodenavidad?refer=embed\">#cuentodenavidad<\/a> <a title=\"cuentodenavidaddelaser\" target=\"_blank\" href=\"https:\/\/www.tiktok.com\/tag\/cuentodenavidaddelaser?refer=embed\">#CuentoDeNavidadDeLaSER<\/a> <a title=\"manolitogafotas\" target=\"_blank\" href=\"https:\/\/www.tiktok.com\/tag\/manolitogafotas?refer=embed\">#manolitogafotas<\/a> <a title=\"radio\" target=\"_blank\" href=\"https:\/\/www.tiktok.com\/tag\/radio?refer=embed\">#radio<\/a> <a title=\"radioteatro\" target=\"_blank\" href=\"https:\/\/www.tiktok.com\/tag\/radioteatro?refer=embed\">#radioteatro<\/a> <a title=\"podcasts\" target=\"_blank\" href=\"https:\/\/www.tiktok.com\/tag\/podcasts?refer=embed\">#podcasts<\/a> <\/p> <a target=\"_blank\" title=\"\u266c sonido original - Cadena SER\" href=\"https:\/\/www.tiktok.com\/music\/sonido-original-7449672365069404961?refer=embed\">\u266c sonido original &#8211; Cadena SER<\/a> <\/section> <\/blockquote> <\/div><\/p> ","protected":false},"excerpt":{"rendered":"<p>Adaptaciones de Jos\u00e9 Mar\u00eda Pem\u00e1n, Jos\u00e9 Franc\u00e9s y Azor\u00edn<\/p>\n","protected":false},"author":0,"featured_media":11386,"comment_status":"open","ping_status":"open","sticky":false,"template":"","format":"standard","meta":{"_acf_changed":false,"footnotes":""},"categories":[1],"tags":[],"class_list":["post-11385","post","type-post","status-publish","format-standard","has-post-thumbnail","hentry","category-sin-categoria"],"acf":{"ser_id":"HSO62XET2BCJXCWRAZFZNNCISM","ser_url":"https:\/\/cadenaser.com\/comunitat-valenciana\/2024\/12\/20\/los-tres-cuentos-de-navidad-de-radio-benidorm-radio-benidorm\/"},"_links":{"self":[{"href":"https:\/\/serbenidorm.daliisolutions.com\/index.php\/wp-json\/wp\/v2\/posts\/11385","targetHints":{"allow":["GET"]}}],"collection":[{"href":"https:\/\/serbenidorm.daliisolutions.com\/index.php\/wp-json\/wp\/v2\/posts"}],"about":[{"href":"https:\/\/serbenidorm.daliisolutions.com\/index.php\/wp-json\/wp\/v2\/types\/post"}],"replies":[{"embeddable":true,"href":"https:\/\/serbenidorm.daliisolutions.com\/index.php\/wp-json\/wp\/v2\/comments?post=11385"}],"version-history":[{"count":0,"href":"https:\/\/serbenidorm.daliisolutions.com\/index.php\/wp-json\/wp\/v2\/posts\/11385\/revisions"}],"wp:featuredmedia":[{"embeddable":true,"href":"https:\/\/serbenidorm.daliisolutions.com\/index.php\/wp-json\/wp\/v2\/media\/11386"}],"wp:attachment":[{"href":"https:\/\/serbenidorm.daliisolutions.com\/index.php\/wp-json\/wp\/v2\/media?parent=11385"}],"wp:term":[{"taxonomy":"category","embeddable":true,"href":"https:\/\/serbenidorm.daliisolutions.com\/index.php\/wp-json\/wp\/v2\/categories?post=11385"},{"taxonomy":"post_tag","embeddable":true,"href":"https:\/\/serbenidorm.daliisolutions.com\/index.php\/wp-json\/wp\/v2\/tags?post=11385"}],"curies":[{"name":"wp","href":"https:\/\/api.w.org\/{rel}","templated":true}]}}