{"id":1139,"date":"2024-01-05T20:11:55","date_gmt":"2024-01-05T19:11:55","guid":{"rendered":"https:\/\/serbenidorm.daliisolutions.com\/index.php\/2024\/01\/05\/que-tiempo-hara-en-las-cabalgatas-de-benidorm-y-la-marina-baixa-atentos-a-la-lluvia-y-el-viento\/"},"modified":"2024-01-05T20:11:55","modified_gmt":"2024-01-05T19:11:55","slug":"que-tiempo-hara-en-las-cabalgatas-de-benidorm-y-la-marina-baixa-atentos-a-la-lluvia-y-el-viento","status":"publish","type":"post","link":"https:\/\/serbenidorm.daliisolutions.com\/index.php\/2024\/01\/05\/que-tiempo-hara-en-las-cabalgatas-de-benidorm-y-la-marina-baixa-atentos-a-la-lluvia-y-el-viento\/","title":{"rendered":"\u00bfQu\u00e9 tiempo har\u00e1 en las cabalgatas de Benidorm y la Marina Baixa? Atentos a la lluvia y el viento"},"content":{"rendered":"  <p>Benidorm<\/p>   <p>La <a href=\"https:\/\/cadenaser.com\/tag\/aemet_agencia_estatal_meteorologia\/a\/\" target=\"_blank\" rel=\"noopener\">Agencia Estatal de Meteorolog\u00eda (AEMET)<\/a> se\u00f1ala este viernes intervalos nubosos con probabilidad de precipitaciones dispersas en <a href=\"https:\/\/cadenaser.com\/tag\/benidorm\/a\/\" target=\"_blank\" rel=\"noopener\">Benidorm<\/a> y <a href=\"https:\/\/cadenaser.com\/tag\/comarca_la_marina_baixa\/a\/\" target=\"_blank\" rel=\"noopener\">la Marina Baixa<\/a>. No obstante apunta a que esa posibilidad de lluvias ir\u00e1 descendiendo conforme pase la tarde, <a href=\"https:\/\/cadenaser.com\/comunitat-valenciana\/2024\/01\/04\/los-reyes-magos-llegan-a-benidorm-y-la-marina-baixa-horario-y-recorrido-de-las-cabalgatas-radio-benidorm\/\" target=\"_blank\" rel=\"noopener\">momento en el que se celebran la mayor\u00eda de cabalgatas de los Reyes Magos de Oriente en la comarca<\/a>.<\/p>   <p><div id=\"video_1704455314568\"><img decoding=\"async\" src=\"https:\/\/sdmedia.playser.cadenaser.com\/playser\/20241\/5\/1704455314568_1704455370_video_1704455416.jpg\" alt=\"El parte meteorol\u00f3gico para las cabalgatas de Benidorm y la Marina Baixa con Llu\u00eds Franc\u00e9s\" loading=\"lazy\" width=\"650\" height=\"366\" \/><\/div><\/p>   <p>El tiempo del fin de semana<\/p>   <p>Este viernes esperamos el paso de un frente que dejar\u00e1 precipitaciones irregulares en buena de la pen\u00ednsula, llegando tambi\u00e9n al mediterr\u00e1neo, con una cota de nieve que rondar\u00e1 los 800-1000 metros, sobre todo de cara a la tarde. <\/p>   <p>Tras el paso de la l\u00ednea frontal se cuela aire fr\u00edo polar mar\u00edtimo, que lo precede, aumentando el gradiente de presi\u00f3n, y a su vez provocando que se acent\u00fae la intensidad del viento y la sensaci\u00f3n de fr\u00edo, que notaremos con mayor intensidad de cara a la pr\u00f3xima madrugada, cuando empiezan los avisos por rachas de viento. <\/p>   <p><p>M\u00e1s informaci\u00f3n<\/p><figure><img decoding=\"async\" src=\"https:\/\/cadenaser.com\/resizer\/ckmJfQARrnTeBEfksLPbEQDgX2s=\/650x366\/filters:quality(70)\/cloudfront-eu-central-1.images.arcpublishing.com\/prisaradio\/VMJBOES6EZDV7COT34GIYEAGJ4.jpg\" loading=\"lazy\" width=\"828\" height=\"621\" \/><\/figure><ul><li><a href=\"https:\/\/cadenaser.com\/comunitat-valenciana\/2024\/01\/04\/los-reyes-magos-llegan-a-benidorm-y-la-marina-baixa-horario-y-recorrido-de-las-cabalgatas-radio-benidorm\/\">Los Reyes Magos llegan a Benidorm y la Marina Baixa: horario y recorrido de las cabalgatas<\/a><\/li><\/ul><\/p>   <p>Las nubes ir\u00e1n a menos conforme acabe este viernes, dejando cielos despejados durante el s\u00e1bado, d\u00eda que volver\u00e1 a ser fr\u00edo y ventoso. Tenemos avisos, de baja probabilidad, por fuertes rachas de viento en nuestra comarca entre las 00:00 y las 13:59 del s\u00e1bado. <\/p>   <p>El domingo vuelven a bajar las temperaturas, valores diurnos cercanos a los 15 grados mientras que las m\u00ednimas se quedar\u00e1n cercanas a los 10, se mantendr\u00e1 el viento de mestral que dejar\u00e1 una sensaci\u00f3n t\u00e9rmica inferior a lo que marque el term\u00f3metro durante todo el fin de semana. Tenemos mala mar con avisos por efectos costeros, vientos del oeste y noroeste fuerza siete, tanto hoy como ma\u00f1ana.<\/p> ","protected":false},"excerpt":{"rendered":"<p>El pron\u00f3stico de Llu\u00eds Franc\u00e9s<\/p>\n","protected":false},"author":0,"featured_media":1140,"comment_status":"open","ping_status":"open","sticky":false,"template":"","format":"standard","meta":{"_acf_changed":false,"footnotes":""},"categories":[1],"tags":[],"class_list":["post-1139","post","type-post","status-publish","format-standard","has-post-thumbnail","hentry","category-sin-categoria"],"acf":{"ser_id":"J6M3RUCMT5FUBKKADI53UAMX5E","ser_url":"https:\/\/cadenaser.com\/comunitat-valenciana\/2024\/01\/05\/que-tiempo-hara-en-las-cabalgatas-de-benidorm-y-la-marina-baixa-atentos-a-la-lluvia-y-el-viento-radio-benidorm\/"},"_links":{"self":[{"href":"https:\/\/serbenidorm.daliisolutions.com\/index.php\/wp-json\/wp\/v2\/posts\/1139","targetHints":{"allow":["GET"]}}],"collection":[{"href":"https:\/\/serbenidorm.daliisolutions.com\/index.php\/wp-json\/wp\/v2\/posts"}],"about":[{"href":"https:\/\/serbenidorm.daliisolutions.com\/index.php\/wp-json\/wp\/v2\/types\/post"}],"replies":[{"embeddable":true,"href":"https:\/\/serbenidorm.daliisolutions.com\/index.php\/wp-json\/wp\/v2\/comments?post=1139"}],"version-history":[{"count":0,"href":"https:\/\/serbenidorm.daliisolutions.com\/index.php\/wp-json\/wp\/v2\/posts\/1139\/revisions"}],"wp:featuredmedia":[{"embeddable":true,"href":"https:\/\/serbenidorm.daliisolutions.com\/index.php\/wp-json\/wp\/v2\/media\/1140"}],"wp:attachment":[{"href":"https:\/\/serbenidorm.daliisolutions.com\/index.php\/wp-json\/wp\/v2\/media?parent=1139"}],"wp:term":[{"taxonomy":"category","embeddable":true,"href":"https:\/\/serbenidorm.daliisolutions.com\/index.php\/wp-json\/wp\/v2\/categories?post=1139"},{"taxonomy":"post_tag","embeddable":true,"href":"https:\/\/serbenidorm.daliisolutions.com\/index.php\/wp-json\/wp\/v2\/tags?post=1139"}],"curies":[{"name":"wp","href":"https:\/\/api.w.org\/{rel}","templated":true}]}}