{"id":11416,"date":"2024-12-23T07:36:12","date_gmt":"2024-12-23T06:36:12","guid":{"rendered":"https:\/\/serbenidorm.daliisolutions.com\/index.php\/2024\/12\/23\/el-1-de-enero-arranca-la-zona-de-bajas-emisiones-de-benidorm-todas-las-respuestas\/"},"modified":"2024-12-23T07:36:12","modified_gmt":"2024-12-23T06:36:12","slug":"el-1-de-enero-arranca-la-zona-de-bajas-emisiones-de-benidorm-todas-las-respuestas","status":"publish","type":"post","link":"https:\/\/serbenidorm.daliisolutions.com\/index.php\/2024\/12\/23\/el-1-de-enero-arranca-la-zona-de-bajas-emisiones-de-benidorm-todas-las-respuestas\/","title":{"rendered":"El 1 de enero arranca la Zona de Bajas Emisiones de Benidorm: Todas las respuestas"},"content":{"rendered":"  <p><div data-adtype=\"MLDB\"><\/div><\/p>   <p>Benidorm<\/p>   <p>El pr\u00f3ximo d\u00eda 1 de enero se pondr\u00e1 en marcha la Zona de Bajas Emisiones (ZBE) de Benidorm y, con ello, la ciudad cumplir\u00e1 el mandato de la Uni\u00f3n Europea que, en este sentido, deben de hacer suyo todas las ciudades de m\u00e1s de 50.000 habitantes del Viejo Continente.<\/p>   <p>A poco m\u00e1s de una semana para ese momento que, sin duda, supondr\u00e1 un antes y un despu\u00e9s en la movilidad local, el concejal del \u00e1rea, Francis Mu\u00f1oz, ha pasado por los micr\u00f3fonos de \u2018A Vivir Benidorm\u2019 para contestar en directo a las preguntas de los oyentes de Radio Benidorm-SER y, de esta manera, despejar todas las dudas sobre c\u00f3mo afectar\u00e1 la ZBE a cada caso particular.<\/p>   <p>Estas son las zonas afectadas<\/p>  <p><figure><img loading=\"lazy\" decoding=\"async\" src=\"https:\/\/cadenaser.com\/resizer\/v2\/QCKL3XQAXBGW5HC4DKMTWV2JIM.jpg?auth=e10f4999e5da84991cd22fc83b1c2f03bebfb0a2e4f0802ba7a52c62804a28a9&amp;quality=70&amp;width=650&amp;height=365&amp;smart=true\" width=\"16\" height=\"9\" \/><\/figure><button class=\"bt-am\">Ampliar<\/button><div class=\"lb d-none\"><div><figure><img loading=\"lazy\" decoding=\"async\" src=\"https:\/\/cadenaser.com\/resizer\/v2\/QCKL3XQAXBGW5HC4DKMTWV2JIM.jpg?auth=e10f4999e5da84991cd22fc83b1c2f03bebfb0a2e4f0802ba7a52c62804a28a9\" width=\"16\" height=\"9\" \/><\/figure><button>Cerrar<\/button><\/div><\/div><\/p> ","protected":false},"excerpt":{"rendered":"<p>El concejal de Movilidad, Francis Mu\u00f1oz, contesta en directo a las preguntas de los oyentes de \u2018A Vivir Benidorm\u2019<\/p>\n","protected":false},"author":0,"featured_media":11417,"comment_status":"open","ping_status":"open","sticky":false,"template":"","format":"standard","meta":{"_acf_changed":false,"footnotes":""},"categories":[1],"tags":[],"class_list":["post-11416","post","type-post","status-publish","format-standard","has-post-thumbnail","hentry","category-sin-categoria"],"acf":{"ser_id":"ZHPJ6R5SZFBO3MFI2HNGCQG7HA","ser_url":"https:\/\/cadenaser.com\/comunitat-valenciana\/2024\/12\/22\/el-1-de-enero-arranca-la-zona-de-bajas-emisiones-de-benidorm-todas-las-respuestas-radio-benidorm\/"},"_links":{"self":[{"href":"https:\/\/serbenidorm.daliisolutions.com\/index.php\/wp-json\/wp\/v2\/posts\/11416","targetHints":{"allow":["GET"]}}],"collection":[{"href":"https:\/\/serbenidorm.daliisolutions.com\/index.php\/wp-json\/wp\/v2\/posts"}],"about":[{"href":"https:\/\/serbenidorm.daliisolutions.com\/index.php\/wp-json\/wp\/v2\/types\/post"}],"replies":[{"embeddable":true,"href":"https:\/\/serbenidorm.daliisolutions.com\/index.php\/wp-json\/wp\/v2\/comments?post=11416"}],"version-history":[{"count":0,"href":"https:\/\/serbenidorm.daliisolutions.com\/index.php\/wp-json\/wp\/v2\/posts\/11416\/revisions"}],"wp:featuredmedia":[{"embeddable":true,"href":"https:\/\/serbenidorm.daliisolutions.com\/index.php\/wp-json\/wp\/v2\/media\/11417"}],"wp:attachment":[{"href":"https:\/\/serbenidorm.daliisolutions.com\/index.php\/wp-json\/wp\/v2\/media?parent=11416"}],"wp:term":[{"taxonomy":"category","embeddable":true,"href":"https:\/\/serbenidorm.daliisolutions.com\/index.php\/wp-json\/wp\/v2\/categories?post=11416"},{"taxonomy":"post_tag","embeddable":true,"href":"https:\/\/serbenidorm.daliisolutions.com\/index.php\/wp-json\/wp\/v2\/tags?post=11416"}],"curies":[{"name":"wp","href":"https:\/\/api.w.org\/{rel}","templated":true}]}}