{"id":11421,"date":"2024-12-24T20:29:41","date_gmt":"2024-12-24T19:29:41","guid":{"rendered":"https:\/\/serbenidorm.daliisolutions.com\/index.php\/2024\/12\/24\/la-guardia-civil-recupera-el-cadaver-encontrado-en-un-pozo-de-la-vila-joiosa\/"},"modified":"2024-12-24T20:29:41","modified_gmt":"2024-12-24T19:29:41","slug":"la-guardia-civil-recupera-el-cadaver-encontrado-en-un-pozo-de-la-vila-joiosa","status":"publish","type":"post","link":"https:\/\/serbenidorm.daliisolutions.com\/index.php\/2024\/12\/24\/la-guardia-civil-recupera-el-cadaver-encontrado-en-un-pozo-de-la-vila-joiosa\/","title":{"rendered":"La Guardia Civil recupera el cad\u00e1ver encontrado en un pozo de La Vila Joiosa"},"content":{"rendered":"  <p><div data-adtype=\"MLDB\"><\/div><\/p>   <p>Benidorm<\/p>   <p>Los agentes de la Guardia Civil que llevaban desde ayer por la noche trabajando en las labores de rescate del cuerpo de un hombre aparecido en el fondo de un pozo en la localidad alicantina de La Vila Joiosa han podido, al fin, completar su labor a las 13:59 horas de este martes, 24 de diciembre.<\/p>   <p>As\u00ed lo ha asegurado la Benem\u00e9rita en un comunicado que en el que, as\u00ed mismo, se precisaba que \u201cest\u00e1n pendientes la realizaci\u00f3n de la autopsia y las gestiones necesarias para identificar al fallecido, as\u00ed como la determinaci\u00f3n de las causas de la muerte\u201d.<\/p>   <p>Unas pesquisas que ha asumido el Equipo Territorial de Polic\u00eda Judicial de La Vila Joiosa.<\/p>   <p>Todo ello, horas despu\u00e9s de que fuentes policiales consultadas por Radio Benidorm-SER confirmaran el macabro hallazgo del cuerpo de un var\u00f3n, probablemente un joven de 25 a\u00f1os desaparecido hace algo m\u00e1s de una semana, en el interior de un pozo ubicado en una finca de la partida Barberes Norte frecuentada por \u2018okupas\u2019.<\/p>   <p>A primera hora de este martes, en un primer comunicado, la Benem\u00e9rita desvelaba que \u201cayer por la tarde, la Guardia Civil recibi\u00f3 un aviso del 112 informando del hallazgo de un cad\u00e1ver bajo unos escombros en el interior de un pozo en La Vila Joiosa\u201d.<\/p>   <p>     .c-w{         max-width:444px;         width:100%;         margin:32px auto;      background:#00755E;         border-radius:4px;         display:flex;         align-items:center;         justify-content:center;     }     .c-w a{         display:flex;         align-items:center;         justify-content:center;         padding:4px 24px;     }     .c-w img{         width:24px;         margin-right:12px;     }     .c-w p{         font:18px\/25px Poppins;         text-align:center;         color:#fff;         margin:0;     }     @media (max-width:444px){         .c-w a{             padding:4px 12px;         }         .c-w img{             width:24px;             margin-right:8px;         }         .c-w p{             font:14px\/25px Poppins;         }     }     @media (max-width:335px){         .c-w p{             font:13px\/25px Poppins;         }     }  <div class=\"c-w\">     <a href=\"https:\/\/www.whatsapp.com\/channel\/0029Va633PF9WtC4l7XUzh1e\" rel=\"nofollow\" target=\"_blank\">         <img decoding=\"async\" src=\"https:\/\/cadenaser.com\/estaticos\/recursosgraficos\/responsive\/img\/ico-whatsapp.svg\" alt=\"Whatsapp\">         <p>\u00danete al <b>canal de WhatsApp<\/b> de la SER<\/p>     <\/a> <\/div><\/p>   <p>En ese mismo comunicado, la Guardia Civil a\u00f1ad\u00eda que \u201ctras confirmar los hechos, el Equipo Territorial de Polic\u00eda Judicial de Altea asumi\u00f3 la investigaci\u00f3n, con el apoyo del GREIM y el GEAS\u201d y que \u201choy se iniciar\u00e1n las tareas de recuperaci\u00f3n del cuerpo, cuya identificaci\u00f3n permanece pendiente hasta su extracci\u00f3n y an\u00e1lisis\u201d y que, como se inform\u00f3 m\u00e1s tarde, terminaron poco antes de las dos de la tarde.<\/p>   <p>Aunque todas las l\u00edneas de investigaci\u00f3n siguen abiertas, la principal hip\u00f3tesis con la que se trabaja en estos momentos es que el cad\u00e1ver podr\u00eda corresponder al de un joven de 25 a\u00f1os, de nacionalidad marroqu\u00ed, y que lleva desaparecido algo m\u00e1s de una semana.<\/p>   <p>Seg\u00fan esas mismas fuentes, el fallecido habr\u00eda frecuentado de forma puntual esa finca \u2018okupada\u2019, aunque este punto est\u00e1 por confirmar.<\/p> ","protected":false},"excerpt":{"rendered":"<p>Se espera el resultado de la autopsia para determinar las causas de la muerte as\u00ed como para confirmar la identidad de la v\u00edctima<\/p>\n","protected":false},"author":0,"featured_media":11422,"comment_status":"open","ping_status":"open","sticky":false,"template":"","format":"standard","meta":{"_acf_changed":false,"footnotes":""},"categories":[1],"tags":[],"class_list":["post-11421","post","type-post","status-publish","format-standard","has-post-thumbnail","hentry","category-sin-categoria"],"acf":{"ser_id":"BWJ35SNED5BTJDR4JKDF22WZDU","ser_url":"https:\/\/cadenaser.com\/comunitat-valenciana\/2024\/12\/24\/la-guardia-civil-recupera-el-cadaver-encontrado-en-un-pozo-de-la-vila-joiosa-radio-benidorm\/"},"_links":{"self":[{"href":"https:\/\/serbenidorm.daliisolutions.com\/index.php\/wp-json\/wp\/v2\/posts\/11421","targetHints":{"allow":["GET"]}}],"collection":[{"href":"https:\/\/serbenidorm.daliisolutions.com\/index.php\/wp-json\/wp\/v2\/posts"}],"about":[{"href":"https:\/\/serbenidorm.daliisolutions.com\/index.php\/wp-json\/wp\/v2\/types\/post"}],"replies":[{"embeddable":true,"href":"https:\/\/serbenidorm.daliisolutions.com\/index.php\/wp-json\/wp\/v2\/comments?post=11421"}],"version-history":[{"count":0,"href":"https:\/\/serbenidorm.daliisolutions.com\/index.php\/wp-json\/wp\/v2\/posts\/11421\/revisions"}],"wp:featuredmedia":[{"embeddable":true,"href":"https:\/\/serbenidorm.daliisolutions.com\/index.php\/wp-json\/wp\/v2\/media\/11422"}],"wp:attachment":[{"href":"https:\/\/serbenidorm.daliisolutions.com\/index.php\/wp-json\/wp\/v2\/media?parent=11421"}],"wp:term":[{"taxonomy":"category","embeddable":true,"href":"https:\/\/serbenidorm.daliisolutions.com\/index.php\/wp-json\/wp\/v2\/categories?post=11421"},{"taxonomy":"post_tag","embeddable":true,"href":"https:\/\/serbenidorm.daliisolutions.com\/index.php\/wp-json\/wp\/v2\/tags?post=11421"}],"curies":[{"name":"wp","href":"https:\/\/api.w.org\/{rel}","templated":true}]}}