{"id":11423,"date":"2024-12-24T20:29:42","date_gmt":"2024-12-24T19:29:42","guid":{"rendered":"https:\/\/serbenidorm.daliisolutions.com\/index.php\/2024\/12\/24\/francisco-javier-vidales-se-hace-cargo-del-banquillo-y-la-direccion-deportiva-del-c-f-benidorm\/"},"modified":"2024-12-24T20:29:42","modified_gmt":"2024-12-24T19:29:42","slug":"francisco-javier-vidales-se-hace-cargo-del-banquillo-y-la-direccion-deportiva-del-c-f-benidorm","status":"publish","type":"post","link":"https:\/\/serbenidorm.daliisolutions.com\/index.php\/2024\/12\/24\/francisco-javier-vidales-se-hace-cargo-del-banquillo-y-la-direccion-deportiva-del-c-f-benidorm\/","title":{"rendered":"Francisco Javier Vidales se hace cargo del banquillo y la direcci\u00f3n deportiva del C.F. Benidorm"},"content":{"rendered":"  <p><div data-adtype=\"MLDB\"><\/div><\/p>   <p>Benidorm<\/p>   <p>Francisco Javier Vidales ha sido confirmado como nuevo entrenador del C.F. Benidorm, un puesto que va a compaginar con el de manager general deportivo de la entidad.<\/p>   <p>Vidales, nacido en la localidad leonesa de Astorga en 1965, debut\u00f3 como entrenador en 1997 haci\u00e9ndose cargo del filial del Sporting de Gij\u00f3n. Desde entonces, se ha sentado en los banquillos de la Gimn\u00e1stica Segoviana, Langreo, Lugo, Playas de Jand\u00eda, Vecindario y Las Palmas. Adem\u00e1s, y de forma m\u00e1s reciente, tambi\u00e9n ha ocupado el puesto de director deportivo de la academia del Atl\u00e9tico de Madrid, del Avil\u00e9s y desde julio de 2024 trabajaba como ojeador para la U.D. Las Palmas.<\/p>   <p>Todo ello se ha confirmado epnas unas horas despu\u00e9s de que pese a que el pasado jueves el director deportivo de la entidad, Agust\u00edn Alves, transmit\u00eda en SER Deportivos-Marina Baixa la \u201cplena confianza\u201d que desde el C.F. Benidorm se manten\u00eda en el entrenador de su primer equipo, la derrota sufrida este s\u00e1bado en casa del Rayo Ibense hubiera provocado la marcha de Miguel \u00c1ngel Mart\u00ednez del banquillo benidormense.<\/p>   <p>En un comunicado hecho p\u00fablico en las redes sociales del club, la entidad propiedad de David Villa ha informado de que \u201cel C.F. Benidorm ha llegado a un acuerdo con Miguel \u00c1ngel Mart\u00ednez por el que el t\u00e9cnico alicantino deja de ser el entrenador del primer equipo\u201d.<\/p>   <p>En ese mismo comunicado, los responsables del club han querido \u201cagradecer de forma especial su trayectoria en las tres \u00faltimas temporadas\u201d, un periodo en el que \u201cacompa\u00f1\u00f3 el camino del club desde la antigua categor\u00eda de Preferente hasta la Lliga Comunitat y el reciente ascenso a Tercera Federaci\u00f3n\u201d.<\/p>   <p>     .c-w{         max-width:444px;         width:100%;         margin:32px auto;      background:#00755E;         border-radius:4px;         display:flex;         align-items:center;         justify-content:center;     }     .c-w a{         display:flex;         align-items:center;         justify-content:center;         padding:4px 24px;     }     .c-w img{         width:24px;         margin-right:12px;     }     .c-w p{         font:18px\/25px Poppins;         text-align:center;         color:#fff;         margin:0;     }     @media (max-width:444px){         .c-w a{             padding:4px 12px;         }         .c-w img{             width:24px;             margin-right:8px;         }         .c-w p{             font:14px\/25px Poppins;         }     }     @media (max-width:335px){         .c-w p{             font:13px\/25px Poppins;         }     }  <div class=\"c-w\">     <a href=\"https:\/\/www.whatsapp.com\/channel\/0029Va633PF9WtC4l7XUzh1e\" rel=\"nofollow\" target=\"_blank\">         <img decoding=\"async\" src=\"https:\/\/cadenaser.com\/estaticos\/recursosgraficos\/responsive\/img\/ico-whatsapp.svg\" alt=\"Whatsapp\">         <p>\u00danete al <b>canal de WhatsApp<\/b> de la SER<\/p>     <\/a> <\/div><\/p>   <p>Adem\u00e1s, se subraya que \u201cMiguel \u00c1ngel siempre ser\u00e1 parte importante de la historia del C.F. Benidorm\u201d.<\/p>   <p>El ya ext\u00e9cnico benidormense deja el equipo en la 17\u00aa y pen\u00faltima posici\u00f3n de la clasificaci\u00f3n a cinco puntos de los puestos de salvaci\u00f3n despu\u00e9s de haber conseguido dos victorias, cinco empates y ocho derrotas en las 15 primeras jornadas de competici\u00f3n.<\/p> ","protected":false},"excerpt":{"rendered":"<p>Previamente el club hab\u00eda anunciado la destituci\u00f3n de Miguel \u00c1ngel Mart\u00ednez<\/p>\n","protected":false},"author":0,"featured_media":11424,"comment_status":"open","ping_status":"open","sticky":false,"template":"","format":"standard","meta":{"_acf_changed":false,"footnotes":""},"categories":[1],"tags":[],"class_list":["post-11423","post","type-post","status-publish","format-standard","has-post-thumbnail","hentry","category-sin-categoria"],"acf":{"ser_id":"6QZ7LL4MQFENVB4O3LAYN6WRC4","ser_url":"https:\/\/cadenaser.com\/comunitat-valenciana\/2024\/12\/23\/francisco-javier-vidales-se-hace-cargo-del-banquillo-y-la-direccion-deportiva-del-cf-benidorm-radio-benidorm\/"},"_links":{"self":[{"href":"https:\/\/serbenidorm.daliisolutions.com\/index.php\/wp-json\/wp\/v2\/posts\/11423","targetHints":{"allow":["GET"]}}],"collection":[{"href":"https:\/\/serbenidorm.daliisolutions.com\/index.php\/wp-json\/wp\/v2\/posts"}],"about":[{"href":"https:\/\/serbenidorm.daliisolutions.com\/index.php\/wp-json\/wp\/v2\/types\/post"}],"replies":[{"embeddable":true,"href":"https:\/\/serbenidorm.daliisolutions.com\/index.php\/wp-json\/wp\/v2\/comments?post=11423"}],"version-history":[{"count":0,"href":"https:\/\/serbenidorm.daliisolutions.com\/index.php\/wp-json\/wp\/v2\/posts\/11423\/revisions"}],"wp:featuredmedia":[{"embeddable":true,"href":"https:\/\/serbenidorm.daliisolutions.com\/index.php\/wp-json\/wp\/v2\/media\/11424"}],"wp:attachment":[{"href":"https:\/\/serbenidorm.daliisolutions.com\/index.php\/wp-json\/wp\/v2\/media?parent=11423"}],"wp:term":[{"taxonomy":"category","embeddable":true,"href":"https:\/\/serbenidorm.daliisolutions.com\/index.php\/wp-json\/wp\/v2\/categories?post=11423"},{"taxonomy":"post_tag","embeddable":true,"href":"https:\/\/serbenidorm.daliisolutions.com\/index.php\/wp-json\/wp\/v2\/tags?post=11423"}],"curies":[{"name":"wp","href":"https:\/\/api.w.org\/{rel}","templated":true}]}}