{"id":11471,"date":"2024-12-26T14:58:00","date_gmt":"2024-12-26T13:58:00","guid":{"rendered":"https:\/\/serbenidorm.daliisolutions.com\/index.php\/2024\/12\/26\/el-consorci-mare-premiara-a-quienes-mas-reciclen-y-lo-documente-a-traves-de-una-aplicacion-movil\/"},"modified":"2024-12-26T14:58:00","modified_gmt":"2024-12-26T13:58:00","slug":"el-consorci-mare-premiara-a-quienes-mas-reciclen-y-lo-documente-a-traves-de-una-aplicacion-movil","status":"publish","type":"post","link":"https:\/\/serbenidorm.daliisolutions.com\/index.php\/2024\/12\/26\/el-consorci-mare-premiara-a-quienes-mas-reciclen-y-lo-documente-a-traves-de-una-aplicacion-movil\/","title":{"rendered":"El Consorci Mare premiar\u00e1 a quienes m\u00e1s reciclen y lo documente a trav\u00e9s de una aplicaci\u00f3n m\u00f3vil"},"content":{"rendered":"  <p><div data-adtype=\"MLDB\"><\/div><\/p>   <p>Benidorm<\/p>   <p>El Consorci Mare incorporar\u00e1 en enero cuatro ecoparques m\u00f3viles a su red, que actualmente cuenta con tres de estas unidades en funcionamiento, para dar servicio a los 52 municipios consorciados de la Marina Alta y Marina Baixa.<\/p>   <p>As\u00ed lo ha adelantado en <a href=\"https:\/\/radiobenidorm.es\/\" rel=\"nofollow\" target=\"_blank\">Hoy por Hoy Benidorm<\/a> el presidente del Consorci, Jos\u00e9 Ram\u00f3n Gonz\u00e1lez de Z\u00e1rate, quien afirma que de esta forma quedar\u00eda completada, por el momento, la red de ecoparques m\u00f3viles para responder a las necesidades de la ciudadan\u00eda. \u201cEsto nos va a suponer un aumento de frecuencias y de visitas de cada Ecoparque m\u00f3vil a cada uno de nuestros municipios, ofreciendo as\u00ed un mejor servicio, sobre todo en la recepci\u00f3n de los residuos m\u00e1s peligrosos y m\u00e1s contaminantes y molestos del hogar, para hacer posible su tratamiento y evitar que acaben en vertedero\u201d, ha explicado.<\/p>   <p>De esta forma, una vez incorporados las nuevas dotaciones, la Marina Baixa y El Campello contar\u00e1n con tres ecoparques m\u00f3viles y la Marina Alta con cuatro. \u201cEn la Marina Alta tenemos un problema de distancias entre peque\u00f1os municipios consorciados por eso tendr\u00e1n un ecoparque m\u00e1s, aunque, si hace falta uno de esos ecoparques m\u00f3viles puede prestar servicio tambien a la Marina Baixa en un momento putual\u201d, se\u00f1ala.<\/p>   <p>Adem\u00e1s, las nuevas unidades estar\u00e1n completamente informatizadas para poder registrar el uso que los ciudadanos hacen de ellas y tener datos de lo que cada usuario de cada municipio recicla. Estos datos servir\u00e1n, adem\u00e1s de para hacer una estimacion sobre la previsi\u00f3n de residuos de cada poblacion, para \u201cen un futuro pr\u00f3ximo, establecer bonificaciones a los que mejor lo hacen\u201d, ha manifestado el Presidente del Consorcio.<\/p>   <p>La aplicaci\u00f3n movil que permitir\u00e1 registrar los residuos depositados por cada ciudadano para optar a bonificaciones en sus recibos, estar\u00e1 lista para entrar en funcionamiento a mediados del mes de enero. Todo ello para que, a final de 2025, \u201ccon los datos que tengamos de los 52 municipios, se bonificar\u00e1 a los ayuntamientos y estos, a su vez, con ese dinero podr\u00e1n premiar a los ciudadanos que m\u00e1s hayan reciclado\u201d, a\u00f1ade Gonz\u00e1lez de Z\u00e1rate.<\/p>   <p>     .c-w{         max-width:444px;         width:100%;         margin:32px auto;      background:#00755E;         border-radius:4px;         display:flex;         align-items:center;         justify-content:center;     }     .c-w a{         display:flex;         align-items:center;         justify-content:center;         padding:4px 24px;     }     .c-w img{         width:24px;         margin-right:12px;     }     .c-w p{         font:18px\/25px Poppins;         text-align:center;         color:#fff;         margin:0;     }     @media (max-width:444px){         .c-w a{             padding:4px 12px;         }         .c-w img{             width:24px;             margin-right:8px;         }         .c-w p{             font:14px\/25px Poppins;         }     }     @media (max-width:335px){         .c-w p{             font:13px\/25px Poppins;         }     }  <div class=\"c-w\">     <a href=\"https:\/\/www.whatsapp.com\/channel\/0029Va633PF9WtC4l7XUzh1e\" rel=\"nofollow\" target=\"_blank\">         <img decoding=\"async\" src=\"https:\/\/cadenaser.com\/estaticos\/recursosgraficos\/responsive\/img\/ico-whatsapp.svg\" alt=\"Whatsapp\">         <p>\u00danete al <b>canal de WhatsApp<\/b> de la SER<\/p>     <\/a> <\/div><\/p>   <p>En Benidorm, se duplicar\u00e1 la atenci\u00f3n. El ecoparque m\u00f3vil del Consorci Mare estar\u00e1 presente dos d\u00edas a la semana, reforzando as\u00ed la presencia actual de esta instalaci\u00f3n, que hasta ahora visita ciudad un d\u00eda a la semana para recoger los enseres y otros materiales reciclables.<\/p>   <p>Hasta ahora, el ecoparque m\u00f3vil se instalaba los mi\u00e9rcoles en el parque de Foietes junto a Mercasa desde las 9 a las 19 horas. A partir del comienzo del mes de enero, la ubicaci\u00f3n de la instalaci\u00f3n cambiar\u00e1, as\u00ed como tambi\u00e9n lo har\u00e1n los d\u00edas que dar\u00e1 servicio. De esta forma, todos los jueves desde el 2 de enero, el ecoparque se situar\u00e1 en el Parque de Elche de 9 a 13 horas y de 15 a 19 horas. Y tambi\u00e9n estar\u00e1 los martes desde el 7 de enero en horario de 15 a 19 horas en la calle Herrer\u00edas.<\/p> ","protected":false},"excerpt":{"rendered":"<p>En enero se duplicar\u00e1 el n\u00famero de ecoparques moviles que atienden a los 52 municipios consorciados<\/p>\n","protected":false},"author":0,"featured_media":11472,"comment_status":"open","ping_status":"open","sticky":false,"template":"","format":"standard","meta":{"_acf_changed":false,"footnotes":""},"categories":[1],"tags":[],"class_list":["post-11471","post","type-post","status-publish","format-standard","has-post-thumbnail","hentry","category-sin-categoria"],"acf":{"ser_id":"LOQJCDIEAZABJK7GL5RIEHOQS4","ser_url":"https:\/\/cadenaser.com\/comunitat-valenciana\/2024\/12\/26\/el-consorci-mare-premiara-a-quienes-mas-reciclen-y-lo-documente-a-traves-de-una-aplicacion-movil-radio-benidorm\/"},"_links":{"self":[{"href":"https:\/\/serbenidorm.daliisolutions.com\/index.php\/wp-json\/wp\/v2\/posts\/11471","targetHints":{"allow":["GET"]}}],"collection":[{"href":"https:\/\/serbenidorm.daliisolutions.com\/index.php\/wp-json\/wp\/v2\/posts"}],"about":[{"href":"https:\/\/serbenidorm.daliisolutions.com\/index.php\/wp-json\/wp\/v2\/types\/post"}],"replies":[{"embeddable":true,"href":"https:\/\/serbenidorm.daliisolutions.com\/index.php\/wp-json\/wp\/v2\/comments?post=11471"}],"version-history":[{"count":0,"href":"https:\/\/serbenidorm.daliisolutions.com\/index.php\/wp-json\/wp\/v2\/posts\/11471\/revisions"}],"wp:featuredmedia":[{"embeddable":true,"href":"https:\/\/serbenidorm.daliisolutions.com\/index.php\/wp-json\/wp\/v2\/media\/11472"}],"wp:attachment":[{"href":"https:\/\/serbenidorm.daliisolutions.com\/index.php\/wp-json\/wp\/v2\/media?parent=11471"}],"wp:term":[{"taxonomy":"category","embeddable":true,"href":"https:\/\/serbenidorm.daliisolutions.com\/index.php\/wp-json\/wp\/v2\/categories?post=11471"},{"taxonomy":"post_tag","embeddable":true,"href":"https:\/\/serbenidorm.daliisolutions.com\/index.php\/wp-json\/wp\/v2\/tags?post=11471"}],"curies":[{"name":"wp","href":"https:\/\/api.w.org\/{rel}","templated":true}]}}