{"id":11511,"date":"2024-12-27T18:44:50","date_gmt":"2024-12-27T17:44:50","guid":{"rendered":"https:\/\/serbenidorm.daliisolutions.com\/index.php\/2024\/12\/27\/detenido-un-hombre-por-la-muerte-del-joven-hallado-en-un-pozo-en-la-vila-joiosa\/"},"modified":"2024-12-27T18:44:50","modified_gmt":"2024-12-27T17:44:50","slug":"detenido-un-hombre-por-la-muerte-del-joven-hallado-en-un-pozo-en-la-vila-joiosa","status":"publish","type":"post","link":"https:\/\/serbenidorm.daliisolutions.com\/index.php\/2024\/12\/27\/detenido-un-hombre-por-la-muerte-del-joven-hallado-en-un-pozo-en-la-vila-joiosa\/","title":{"rendered":"Detenido un hombre por la muerte del joven hallado en un pozo en la Vila Joiosa"},"content":{"rendered":"  <p><div data-adtype=\"MLDB\"><\/div><\/p>   <p>Benidorm\/Alicante<\/p>   <p>La Guardia Civil ha detenido a un hombre de 44 a\u00f1os como presunto autor del homicidio de un <a href=\"https:\/\/cadenaser.com\/comunitat-valenciana\/2024\/12\/24\/la-guardia-civil-recupera-el-cadaver-encontrado-en-un-pozo-de-la-vila-joiosa-radio-benidorm\/\" target=\"_blank\">joven cuyo cad\u00e1ver fue hallado el pasado lunes por la tarde en un pozo <\/a>lleno de escombros en una finca de Villajoyosa (Alicante) y recuperado al d\u00eda siguiente, ha informado este viernes la Guardia Civil en un comunicado.<\/p>   <p><p>M\u00e1s informaci\u00f3n<\/p><ul><li><a href=\"https:\/\/cadenaser.com\/comunitat-valenciana\/2024\/12\/24\/la-guardia-civil-recupera-el-cadaver-encontrado-en-un-pozo-de-la-vila-joiosa-radio-benidorm\/\"><span>La Guardia Civil recupera el cad\u00e1ver encontrado en un pozo de La Vila Joiosa<\/span><\/a><\/li><\/ul><\/p>   <p>El Juzgado de Primera Instancia e Instrucci\u00f3n n\u00famero 1 de Villajoyosa ha decretado el ingreso en prisi\u00f3n provisional sin fianza para el detenido, que contaba con antecedentes por delitos contra el patrimonio y las personas, seg\u00fan las mismas fuentes.<\/p>   <p>Las investigaciones comenzaron el pasado lunes, cuando a trav\u00e9s del 112 se recibi\u00f3 un aviso alertando sobre la posible presencia de restos humanos en un pozo situado en una parcela de la citada localidad. Una patrulla del puesto principal de Villajoyosa se desplaz\u00f3 hasta el lugar y confirm\u00f3 la existencia de lo que parec\u00eda ser un tobillo con zapatilla visible entre los escombros.<\/p>   <p>Varias horas para recuperar el cuerpo<\/p>   <p>Para recuperar el cad\u00e1ver, la Guardia Civil activ\u00f3 equipos especializados, incluyendo el Grupo de Rescate e Intervenci\u00f3n en Monta\u00f1a (Greim) de Onteniente (Valencia) y el Grupo Especial de Actividades Subacu\u00e1ticas (Geas), al tiempo que se emple\u00f3 maquinaria pesada para facilitar las labores de extracci\u00f3n.<\/p>  <p><figure><img loading=\"lazy\" decoding=\"async\" src=\"https:\/\/cadenaser.com\/resizer\/v2\/NWZNYRHSKJFMDCLIGSPWOXTW6E.jpg?auth=e878f715ceff3e8b8efe19133210ee0bb63b5a957c1f98e8f924c3de3ba95fb2&amp;quality=70&amp;width=650&amp;height=365&amp;smart=true\" alt=\"Los grupos de rescate trabajan en la recuperaci\u00f3n del cuerpo de un joven en un pozo de la Vila Joiosa\" width=\"16\" height=\"9\" \/><figcaption class=\"fc\"><p><span>Los grupos de rescate trabajan en la recuperaci\u00f3n del cuerpo de un joven en un pozo de la Vila Joiosa<\/span><\/p><\/figcaption><\/figure><button class=\"bt-am\">Ampliar<\/button><div class=\"lb d-none\"><div><figure><img loading=\"lazy\" decoding=\"async\" src=\"https:\/\/cadenaser.com\/resizer\/v2\/NWZNYRHSKJFMDCLIGSPWOXTW6E.jpg?auth=e878f715ceff3e8b8efe19133210ee0bb63b5a957c1f98e8f924c3de3ba95fb2\" alt=\"Los grupos de rescate trabajan en la recuperaci\u00f3n del cuerpo de un joven en un pozo de la Vila Joiosa\" width=\"16\" height=\"9\" \/><figcaption class=\"fc\"><p><span>Los grupos de rescate trabajan en la recuperaci\u00f3n del cuerpo de un joven en un pozo de la Vila Joiosa<\/span><\/p><\/figcaption><\/figure><button>Cerrar<\/button><\/div><\/div><\/p>   <p>Tras varias horas de trabajo, el cuerpo sin vida del joven fue recuperado a las 13.30 horas del 24 de diciembre. La v\u00edctima hab\u00eda sido identificada como una persona cuya desaparici\u00f3n hab\u00eda sido denunciada dos d\u00edas antes.<\/p>   <p>     .c-w{         max-width:444px;         width:100%;         margin:32px auto;      background:#00755E;         border-radius:4px;         display:flex;         align-items:center;         justify-content:center;     }     .c-w a{         display:flex;         align-items:center;         justify-content:center;         padding:4px 24px;     }     .c-w img{         width:24px;         margin-right:12px;     }     .c-w p{         font:18px\/25px Poppins;         text-align:center;         color:#fff;         margin:0;     }     @media (max-width:444px){         .c-w a{             padding:4px 12px;         }         .c-w img{             width:24px;             margin-right:8px;         }         .c-w p{             font:14px\/25px Poppins;         }     }     @media (max-width:335px){         .c-w p{             font:13px\/25px Poppins;         }     }  <div class=\"c-w\">     <a href=\"https:\/\/www.whatsapp.com\/channel\/0029Va633PF9WtC4l7XUzh1e\" rel=\"nofollow\" target=\"_blank\">         <img decoding=\"async\" src=\"https:\/\/cadenaser.com\/estaticos\/recursosgraficos\/responsive\/img\/ico-whatsapp.svg\" alt=\"Whatsapp\">         <p>\u00danete al <b>canal de WhatsApp<\/b> de la SER<\/p>     <\/a> <\/div><\/p>   <p>La inspecci\u00f3n t\u00e9cnica ocular fue realizada por el Laboratorio de Criminal\u00edstica de la Guardia Civil de Alicante y el Equipo Territorial de Polic\u00eda Judicial de Villajoyosa, que asumi\u00f3 la investigaci\u00f3n.<\/p>   <p>Resid\u00eda en una vivienda ubicada en la parcela donde se hall\u00f3 el cad\u00e1ver<\/p>   <p>En el lugar del hallazgo se recogieron diversas pruebas que est\u00e1n siendo analizadas. Adem\u00e1s, las declaraciones de testigos y otras diligencias llevaron a la identificaci\u00f3n del supuesto autor del homicidio, un hombre con antecedentes por delitos contra el patrimonio y las personas, quien resid\u00eda en una vivienda ubicada dentro de la parcela donde se encontr\u00f3 el cad\u00e1ver.<\/p>   <p>Para ampliar las investigaciones, los agentes llevaron a cabo un registro en el domicilio del detenido, quien ha sido puesto este viernes a disposici\u00f3n del Juzgado de Primera Instancia e Instrucci\u00f3n n\u00famero 1 de Villajoyosa, que ha decretado su ingreso en prisi\u00f3n provisional sin fianza.<\/p>   <p>La Guardia Civil contin\u00faa investigando los hechos para esclarecer todos los detalles relacionados con este caso.<\/p> ","protected":false},"excerpt":{"rendered":"<p>El juzgado ha decretado el ingreso en prisi\u00f3n provisional sin fianza para el arrestado<\/p>\n","protected":false},"author":0,"featured_media":11512,"comment_status":"open","ping_status":"open","sticky":false,"template":"","format":"standard","meta":{"_acf_changed":false,"footnotes":""},"categories":[1],"tags":[],"class_list":["post-11511","post","type-post","status-publish","format-standard","has-post-thumbnail","hentry","category-sin-categoria"],"acf":{"ser_id":"4NQRBGUDARHZJFUQS6PFKTNWJI","ser_url":"https:\/\/cadenaser.com\/comunitat-valenciana\/2024\/12\/27\/detenido-un-hombre-por-la-muerte-del-joven-hallado-en-un-pozo-en-la-vila-joiosa-radio-alicante\/"},"_links":{"self":[{"href":"https:\/\/serbenidorm.daliisolutions.com\/index.php\/wp-json\/wp\/v2\/posts\/11511","targetHints":{"allow":["GET"]}}],"collection":[{"href":"https:\/\/serbenidorm.daliisolutions.com\/index.php\/wp-json\/wp\/v2\/posts"}],"about":[{"href":"https:\/\/serbenidorm.daliisolutions.com\/index.php\/wp-json\/wp\/v2\/types\/post"}],"replies":[{"embeddable":true,"href":"https:\/\/serbenidorm.daliisolutions.com\/index.php\/wp-json\/wp\/v2\/comments?post=11511"}],"version-history":[{"count":0,"href":"https:\/\/serbenidorm.daliisolutions.com\/index.php\/wp-json\/wp\/v2\/posts\/11511\/revisions"}],"wp:featuredmedia":[{"embeddable":true,"href":"https:\/\/serbenidorm.daliisolutions.com\/index.php\/wp-json\/wp\/v2\/media\/11512"}],"wp:attachment":[{"href":"https:\/\/serbenidorm.daliisolutions.com\/index.php\/wp-json\/wp\/v2\/media?parent=11511"}],"wp:term":[{"taxonomy":"category","embeddable":true,"href":"https:\/\/serbenidorm.daliisolutions.com\/index.php\/wp-json\/wp\/v2\/categories?post=11511"},{"taxonomy":"post_tag","embeddable":true,"href":"https:\/\/serbenidorm.daliisolutions.com\/index.php\/wp-json\/wp\/v2\/tags?post=11511"}],"curies":[{"name":"wp","href":"https:\/\/api.w.org\/{rel}","templated":true}]}}