{"id":11519,"date":"2024-12-28T14:12:34","date_gmt":"2024-12-28T13:12:34","guid":{"rendered":"https:\/\/serbenidorm.daliisolutions.com\/index.php\/2024\/12\/28\/la-inocentada-de-radio-benidorm-donald-trump-compra-el-edificio-in-tempo\/"},"modified":"2024-12-28T14:12:34","modified_gmt":"2024-12-28T13:12:34","slug":"la-inocentada-de-radio-benidorm-donald-trump-compra-el-edificio-in-tempo","status":"publish","type":"post","link":"https:\/\/serbenidorm.daliisolutions.com\/index.php\/2024\/12\/28\/la-inocentada-de-radio-benidorm-donald-trump-compra-el-edificio-in-tempo\/","title":{"rendered":"La inocentada de Radio Benidorm: Donald Trump compra el edificio In Tempo"},"content":{"rendered":"  <p><div data-adtype=\"MLDB\"><\/div><\/p>   <p>Benidorm<\/p>   <p>El que el pr\u00f3ximo d\u00eda 20 de enero tomar\u00e1 posesi\u00f3n del cargo de 47\u00ba presidente de los Estados Unidos, Donald Trump, se ha desplazado este s\u00e1bado, 28 de diciembre, hasta Benidorm para rubricar, junto a sus colaboradores y los representantes de los propietarios del residencial, la compra del Edificio In Tempo que, de esta manera, pasa a convertirse en la primera inversi\u00f3n inmobiliaria de The Trump Organization en Espa\u00f1a.<\/p>   <p>Esa es la premisa que, con motivo de este d\u00eda de los Santos Inocentes, ha servido al equipo de \u2018A Vivir Benidorm\u2019 para desarrollar una ficci\u00f3n sonora con la que, con la complicidad de periodistas, colaboradores de Radio Benidorm-SER, vecinos y pol\u00edticos de toda la comarca de la Marina Baixa; han narrado en riguroso directo la llegada de Trump hasta Benidorm.<\/p>   <p>Una edici\u00f3n especial de \u2018A Vivir Benidorm\u2019 con la que el programa de fin de semana de Radio Benidorm-SER baja el tel\u00f3n de 2024 antes de regresar, el pr\u00f3ximo d\u00eda 4 de enero, con su contenido habitual.<\/p> ","protected":false},"excerpt":{"rendered":"<p>El equipo de \u2018A Vivir Benidorm\u2019 narra en directo la llegada del pr\u00f3ximo presidente de los EEUU a Benidorm<\/p>\n","protected":false},"author":0,"featured_media":11520,"comment_status":"open","ping_status":"open","sticky":false,"template":"","format":"standard","meta":{"_acf_changed":false,"footnotes":""},"categories":[1],"tags":[],"class_list":["post-11519","post","type-post","status-publish","format-standard","has-post-thumbnail","hentry","category-sin-categoria"],"acf":{"ser_id":"TDOADOLCGVA2BP7ZDXMKNVDGKU","ser_url":"https:\/\/cadenaser.com\/comunitat-valenciana\/2024\/12\/28\/la-inocentada-de-radio-benidorm-donald-trump-compra-el-edificio-in-tempo-radio-benidorm\/"},"_links":{"self":[{"href":"https:\/\/serbenidorm.daliisolutions.com\/index.php\/wp-json\/wp\/v2\/posts\/11519","targetHints":{"allow":["GET"]}}],"collection":[{"href":"https:\/\/serbenidorm.daliisolutions.com\/index.php\/wp-json\/wp\/v2\/posts"}],"about":[{"href":"https:\/\/serbenidorm.daliisolutions.com\/index.php\/wp-json\/wp\/v2\/types\/post"}],"replies":[{"embeddable":true,"href":"https:\/\/serbenidorm.daliisolutions.com\/index.php\/wp-json\/wp\/v2\/comments?post=11519"}],"version-history":[{"count":0,"href":"https:\/\/serbenidorm.daliisolutions.com\/index.php\/wp-json\/wp\/v2\/posts\/11519\/revisions"}],"wp:featuredmedia":[{"embeddable":true,"href":"https:\/\/serbenidorm.daliisolutions.com\/index.php\/wp-json\/wp\/v2\/media\/11520"}],"wp:attachment":[{"href":"https:\/\/serbenidorm.daliisolutions.com\/index.php\/wp-json\/wp\/v2\/media?parent=11519"}],"wp:term":[{"taxonomy":"category","embeddable":true,"href":"https:\/\/serbenidorm.daliisolutions.com\/index.php\/wp-json\/wp\/v2\/categories?post=11519"},{"taxonomy":"post_tag","embeddable":true,"href":"https:\/\/serbenidorm.daliisolutions.com\/index.php\/wp-json\/wp\/v2\/tags?post=11519"}],"curies":[{"name":"wp","href":"https:\/\/api.w.org\/{rel}","templated":true}]}}