{"id":1154,"date":"2024-01-06T10:55:54","date_gmt":"2024-01-06T09:55:54","guid":{"rendered":"https:\/\/serbenidorm.daliisolutions.com\/index.php\/2024\/01\/06\/cortadas-todas-las-comunicaciones-entre-las-dos-marinas-por-un-incendio-en-altea-que-obliga-a-desalojar-una-urbanizacion\/"},"modified":"2024-01-06T10:55:54","modified_gmt":"2024-01-06T09:55:54","slug":"cortadas-todas-las-comunicaciones-entre-las-dos-marinas-por-un-incendio-en-altea-que-obliga-a-desalojar-una-urbanizacion","status":"publish","type":"post","link":"https:\/\/serbenidorm.daliisolutions.com\/index.php\/2024\/01\/06\/cortadas-todas-las-comunicaciones-entre-las-dos-marinas-por-un-incendio-en-altea-que-obliga-a-desalojar-una-urbanizacion\/","title":{"rendered":"Cortadas todas las comunicaciones entre las dos marinas por un incendio en Altea que obliga a desalojar una urbanizaci\u00f3n"},"content":{"rendered":"  <p>Benidorm<\/p>   <p>Un fuerte incendio se ha declarado poco despu\u00e9s de las 4:15 horas de esta madrugada en el entorno del Mascarat, el punto de uni\u00f3n entre las Marinas Alta y Baixa, dentro del t\u00e9rmino municipal de Altea. El fuego, que se ha extendido r\u00e1pidamente debido a la acci\u00f3n del fuerte viento, ha obligado a cortar el tr\u00e1fico en ambos sentidos tanto en la AP-7 como en la N-332. Adem\u00e1s, se ha suspendido el servicio de Tram en ese punto, por lo que a primera hora de la ma\u00f1ana de este s\u00e1bado de Reyes Magos las dos comarcas alicantinas han quedado incomunicadas.<\/p>   <p>Debido a la proximidad de las llamas con diversas urbanizaciones, Emergencias decret\u00f3 el desalojo de distintas viviendas desde el primer momento. Aunque el balance no es todav\u00eda definitivo, poco antes de las 10:00 horas de esta ma\u00f1ana eran 30 las familias que hab\u00edan sido desalojadas de sus hogares.<\/p>   <p>Por el momento, el fuego sigue sin control y ya son un total de 18 dotaciones de bomberos y un seis medios a\u00e9reos (tres de ellos desplazados desde la provincia de Valencia), m\u00e1s cinco unidades de bomberos forestales las que luchan contra el fuego.<\/p> ","protected":false},"excerpt":{"rendered":"<p>Desde Emergencias se informa de una treintena de familias desalojadas de sus casas<\/p>\n","protected":false},"author":0,"featured_media":1155,"comment_status":"open","ping_status":"open","sticky":false,"template":"","format":"standard","meta":{"_acf_changed":false,"footnotes":""},"categories":[1],"tags":[],"class_list":["post-1154","post","type-post","status-publish","format-standard","has-post-thumbnail","hentry","category-sin-categoria"],"acf":{"ser_id":"MZMYE66XPRCRVK6N5U3XTXBXVA","ser_url":"https:\/\/cadenaser.com\/comunitat-valenciana\/2024\/01\/06\/cortadas-todas-las-comunicaciones-entre-las-dos-marinas-por-un-incendio-en-altea-radio-benidorm\/"},"_links":{"self":[{"href":"https:\/\/serbenidorm.daliisolutions.com\/index.php\/wp-json\/wp\/v2\/posts\/1154","targetHints":{"allow":["GET"]}}],"collection":[{"href":"https:\/\/serbenidorm.daliisolutions.com\/index.php\/wp-json\/wp\/v2\/posts"}],"about":[{"href":"https:\/\/serbenidorm.daliisolutions.com\/index.php\/wp-json\/wp\/v2\/types\/post"}],"replies":[{"embeddable":true,"href":"https:\/\/serbenidorm.daliisolutions.com\/index.php\/wp-json\/wp\/v2\/comments?post=1154"}],"version-history":[{"count":0,"href":"https:\/\/serbenidorm.daliisolutions.com\/index.php\/wp-json\/wp\/v2\/posts\/1154\/revisions"}],"wp:featuredmedia":[{"embeddable":true,"href":"https:\/\/serbenidorm.daliisolutions.com\/index.php\/wp-json\/wp\/v2\/media\/1155"}],"wp:attachment":[{"href":"https:\/\/serbenidorm.daliisolutions.com\/index.php\/wp-json\/wp\/v2\/media?parent=1154"}],"wp:term":[{"taxonomy":"category","embeddable":true,"href":"https:\/\/serbenidorm.daliisolutions.com\/index.php\/wp-json\/wp\/v2\/categories?post=1154"},{"taxonomy":"post_tag","embeddable":true,"href":"https:\/\/serbenidorm.daliisolutions.com\/index.php\/wp-json\/wp\/v2\/tags?post=1154"}],"curies":[{"name":"wp","href":"https:\/\/api.w.org\/{rel}","templated":true}]}}