{"id":11540,"date":"2024-12-30T14:45:29","date_gmt":"2024-12-30T13:45:29","guid":{"rendered":"https:\/\/serbenidorm.daliisolutions.com\/index.php\/2024\/12\/30\/benidorm-recibe-el-2025-en-la-playa-de-levante\/"},"modified":"2024-12-30T14:45:29","modified_gmt":"2024-12-30T13:45:29","slug":"benidorm-recibe-el-2025-en-la-playa-de-levante","status":"publish","type":"post","link":"https:\/\/serbenidorm.daliisolutions.com\/index.php\/2024\/12\/30\/benidorm-recibe-el-2025-en-la-playa-de-levante\/","title":{"rendered":"Benidorm recibe el 2025 en la playa de Levante"},"content":{"rendered":"  <p><div data-adtype=\"MLDB\"><\/div><\/p>   <p>Benidorm<\/p>   <p>Se espera que m\u00e1s de 10.000 vecinos y turistas vuelvan a coincidir este mi\u00e9rcoles por la noche en la playa de Levante de Benidorm para recibir el a\u00f1o nuevo con la fiesta organizada desde las 18 horas por la Asociaci\u00f3n de Bares, Restaurantes, Cafeter\u00edas y Ocio Nocturno (ABRECA) y el Ayuntamiento de la capital tur\u00edstica.<\/p>   <p>Numerosos locales de ocio de primera l\u00ednea tambi\u00e9n se han sumado a esta macrofiesta y repartir\u00e1n uvas del Vinalop\u00f3 y cotill\u00f3n entre los asistentes, como ha explicado en <a href=\"https:\/\/cadenaser.com\/tag\/benidorm\/a\/\" target=\"_blank\">Hoy por Hoy Benidorm<\/a> el portavoz de ABRECA Alex Fratini.<\/p>  <p><p>M\u00e1s informaci\u00f3n<\/p><figure><img loading=\"lazy\" decoding=\"async\" src=\"https:\/\/cadenaser.com\/resizer\/v2\/TH267WTEUVAPFOCSOS4ULQRGH4.jpg?auth=78c00edd0cad1fb578f9ef5f345b487a2bb630c3478a15d5c5a00c0bec358ac6&amp;quality=70&amp;width=360&amp;height=202&amp;smart=true\" width=\"820\" height=\"621\" \/><\/figure><ul><li><a href=\"https:\/\/cadenaser.com\/comunitat-valenciana\/2024\/12\/28\/la-inocentada-de-radio-benidorm-donald-trump-compra-el-edificio-in-tempo-radio-benidorm\/\"><span>Escucha la inocentada de Radio Benidorm: Donald Trump compra el edificio In Tempo<\/span><\/a><\/li><\/ul><\/p>   <p>El maestro de ceremonias, David Furilo, ha detallado por su parte que minutos antes de la medianoche se realizar\u00e1 una conexi\u00f3n con la Puerta del Sol para retransmitir en directo las doce campanadas a trav\u00e9s de pantallas instaladas en el Paseo de Levante.<\/p>   <p>A continuaci\u00f3n, se ofrecer\u00e1 un gran espect\u00e1culo piromusical que unir\u00e1 m\u00fasica y fuegos artificiales de forma sincronizada y que se podr\u00e1 seguir desde la playa y tambi\u00e9n desde otros puntos de la ciudad.<\/p>   <p>Igualmente, un a\u00f1o m\u00e1s, a la una de la madrugada la fiesta conectar\u00e1 a trav\u00e9s de estas mismas pantallas con la televisi\u00f3n brit\u00e1nica BBC para retransmitir las campanadas desde el Big Ben de Londres.<\/p>   <p>     .c-w{         max-width:444px;         width:100%;         margin:32px auto;      background:#00755E;         border-radius:4px;         display:flex;         align-items:center;         justify-content:center;     }     .c-w a{         display:flex;         align-items:center;         justify-content:center;         padding:4px 24px;     }     .c-w img{         width:24px;         margin-right:12px;     }     .c-w p{         font:18px\/25px Poppins;         text-align:center;         color:#fff;         margin:0;     }     @media (max-width:444px){         .c-w a{             padding:4px 12px;         }         .c-w img{             width:24px;             margin-right:8px;         }         .c-w p{             font:14px\/25px Poppins;         }     }     @media (max-width:335px){         .c-w p{             font:13px\/25px Poppins;         }     }  <div class=\"c-w\">     <a href=\"https:\/\/www.whatsapp.com\/channel\/0029Va633PF9WtC4l7XUzh1e\" rel=\"nofollow\" target=\"_blank\">         <img decoding=\"async\" src=\"https:\/\/cadenaser.com\/estaticos\/recursosgraficos\/responsive\/img\/ico-whatsapp.svg\" alt=\"Whatsapp\">         <p>\u00danete al <b>canal de WhatsApp<\/b> de la SER<\/p>     <\/a> <\/div><\/p> ","protected":false},"excerpt":{"rendered":"<p>Octava edici\u00f3n de la fiesta de nochevieja con m\u00fasica, fuegos artificiales y dos conexiones en pantallas gigantes para las campanadas: Madrid y Londres<\/p>\n","protected":false},"author":0,"featured_media":11541,"comment_status":"open","ping_status":"open","sticky":false,"template":"","format":"standard","meta":{"_acf_changed":false,"footnotes":""},"categories":[1],"tags":[],"class_list":["post-11540","post","type-post","status-publish","format-standard","has-post-thumbnail","hentry","category-sin-categoria"],"acf":{"ser_id":"ADOW4X3JL5A2XFNT46NQQO6KZM","ser_url":"https:\/\/cadenaser.com\/comunitat-valenciana\/2024\/12\/30\/benidorm-recibe-el-2025-en-la-playa-de-levante-radio-benidorm\/"},"_links":{"self":[{"href":"https:\/\/serbenidorm.daliisolutions.com\/index.php\/wp-json\/wp\/v2\/posts\/11540","targetHints":{"allow":["GET"]}}],"collection":[{"href":"https:\/\/serbenidorm.daliisolutions.com\/index.php\/wp-json\/wp\/v2\/posts"}],"about":[{"href":"https:\/\/serbenidorm.daliisolutions.com\/index.php\/wp-json\/wp\/v2\/types\/post"}],"replies":[{"embeddable":true,"href":"https:\/\/serbenidorm.daliisolutions.com\/index.php\/wp-json\/wp\/v2\/comments?post=11540"}],"version-history":[{"count":0,"href":"https:\/\/serbenidorm.daliisolutions.com\/index.php\/wp-json\/wp\/v2\/posts\/11540\/revisions"}],"wp:featuredmedia":[{"embeddable":true,"href":"https:\/\/serbenidorm.daliisolutions.com\/index.php\/wp-json\/wp\/v2\/media\/11541"}],"wp:attachment":[{"href":"https:\/\/serbenidorm.daliisolutions.com\/index.php\/wp-json\/wp\/v2\/media?parent=11540"}],"wp:term":[{"taxonomy":"category","embeddable":true,"href":"https:\/\/serbenidorm.daliisolutions.com\/index.php\/wp-json\/wp\/v2\/categories?post=11540"},{"taxonomy":"post_tag","embeddable":true,"href":"https:\/\/serbenidorm.daliisolutions.com\/index.php\/wp-json\/wp\/v2\/tags?post=11540"}],"curies":[{"name":"wp","href":"https:\/\/api.w.org\/{rel}","templated":true}]}}