{"id":11542,"date":"2024-12-30T14:45:31","date_gmt":"2024-12-30T13:45:31","guid":{"rendered":"https:\/\/serbenidorm.daliisolutions.com\/index.php\/2024\/12\/30\/resumen-sonoro-del-2024-el-ano-del-fuego-el-agua-y-el-lodo\/"},"modified":"2024-12-30T14:45:31","modified_gmt":"2024-12-30T13:45:31","slug":"resumen-sonoro-del-2024-el-ano-del-fuego-el-agua-y-el-lodo","status":"publish","type":"post","link":"https:\/\/serbenidorm.daliisolutions.com\/index.php\/2024\/12\/30\/resumen-sonoro-del-2024-el-ano-del-fuego-el-agua-y-el-lodo\/","title":{"rendered":"Resumen sonoro del 2024: el a\u00f1o del fuego, el agua y el lodo"},"content":{"rendered":"  <p><div data-adtype=\"MLDB\"><\/div><\/p>   <p>Valencia<\/p>   <p>La Cadena SER ha emitido este domingo un programa especial que recopila los sonidos de las noticias m\u00e1s relevantes del a\u00f1o, ofreciendo a los oyentes una oportunidad de revivir los momentos que marcaron este periodo.<\/p>   <p>El especial comienza con un recorrido por los meses previos al devastador 29 de octubre, el d\u00eda en que todo cambi\u00f3. Aquel d\u00eda, la fuerza incontenible del agua paraliz\u00f3 la vida en numerosas localidades, dejando calles y casas llenas de barro, coches apilados y un paisaje desolador. El programa recuerda el impacto emocional y f\u00edsico que vivieron miles de personas, desde los voluntarios que llegaron antes que las autoridades hasta las cr\u00edticas hacia la gesti\u00f3n inicial de la emergencia.<\/p>   <p>El relato incluye testimonios, sonidos de la cat\u00e1strofe y momentos inolvidables de solidaridad, como la llegada de voluntarios que se organizaron espont\u00e1neamente para ayudar en la zona cero. Tambi\u00e9n se aborda el papel de las instituciones y las pol\u00e9micas que surgieron en torno a la gesti\u00f3n de la emergencia.<\/p>   <p>Todo lo que ocurri\u00f3 antes de la DANA<\/p>   <p>Antes de llegar a la DANA, el programa hace un repaso de las noticias que marcaron los meses previos, como el tr\u00e1gico incendio en Campanar, que dej\u00f3 diez v\u00edctimas mortales y a m\u00e1s de cien familias sin hogar. La Cadena SER ofreceuna actualizaci\u00f3n sobre este caso, que contin\u00faa en fase de instrucci\u00f3n judicial, y sobre la rehabilitaci\u00f3n del edificio afectado.<\/p>   <p>Tambi\u00e9n contamos un repaso por la actualidad judicial, econ\u00f3mica y pol\u00edtica que ha dado de s\u00ed este a\u00f1o 2024 tan intenso en lo informativo.<\/p>   <p>     .c-w{         max-width:444px;         width:100%;         margin:32px auto;      background:#00755E;         border-radius:4px;         display:flex;         align-items:center;         justify-content:center;     }     .c-w a{         display:flex;         align-items:center;         justify-content:center;         padding:4px 24px;     }     .c-w img{         width:24px;         margin-right:12px;     }     .c-w p{         font:18px\/25px Poppins;         text-align:center;         color:#fff;         margin:0;     }     @media (max-width:444px){         .c-w a{             padding:4px 12px;         }         .c-w img{             width:24px;             margin-right:8px;         }         .c-w p{             font:14px\/25px Poppins;         }     }     @media (max-width:335px){         .c-w p{             font:13px\/25px Poppins;         }     }  <div class=\"c-w\">     <a href=\"https:\/\/www.whatsapp.com\/channel\/0029Va633PF9WtC4l7XUzh1e\" rel=\"nofollow\" target=\"_blank\">         <img decoding=\"async\" src=\"https:\/\/cadenaser.com\/estaticos\/recursosgraficos\/responsive\/img\/ico-whatsapp.svg\" alt=\"Whatsapp\">         <p>\u00danete al <b>canal de WhatsApp<\/b> de la SER<\/p>     <\/a> <\/div><\/p>   <p><i>Sigue toda la \u00faltima hora en el canal de Whatsapp de Radio Valencia: <\/i><a href=\"https:\/\/eur01.safelinks.protection.outlook.com\/?url=https%3A%2F%2Fwhatsapp.com%2Fchannel%2F0029VaHjyqSFHWq2Q3iHB33R&amp;data=05%7C02%7CASanchezSa%40prisaradio.com%7Cbcbba1a7cd834febfc0008dc718f345b%7Cc4fd49f3e15a44d882e2c909735d2e45%7C0%7C0%7C638510107081166370%7CUnknown%7CTWFpbGZsb3d8eyJWIjoiMC4wLjAwMDAiLCJQIjoiV2luMzIiLCJBTiI6Ik1haWwiLCJXVCI6Mn0%3D%7C0%7C%7C%7C&amp;sdata=WFs4%2BokiRyjbxmDJgRU9c1ksYZP%2F7O9hOQ0C1W8Esm0%3D&amp;reserved=0\" rel=\"nofollow\" target=\"_blank\"><i>haz clic aqu\u00ed y suscr\u00edbete<\/i><\/a><i> para recibir toda la informaci\u00f3n y la actualidad del d\u00eda en tu m\u00f3vil.<\/i><\/p> ","protected":false},"excerpt":{"rendered":"<p>La SER en la Comunitat Valenciana realiza un recorrido sonoro por los momentos que marcaron un a\u00f1o intenso informativamente, desde la tragedia de la DANA hasta el incendio de Campanar<\/p>\n","protected":false},"author":0,"featured_media":11543,"comment_status":"open","ping_status":"open","sticky":false,"template":"","format":"standard","meta":{"_acf_changed":false,"footnotes":""},"categories":[1],"tags":[],"class_list":["post-11542","post","type-post","status-publish","format-standard","has-post-thumbnail","hentry","category-sin-categoria"],"acf":{"ser_id":"XBLJLU33Z5AYLOQZ6YX7EHPOE4","ser_url":"https:\/\/cadenaser.com\/comunitat-valenciana\/2024\/12\/27\/resumen-sonoro-del-2024-el-ano-del-fuego-el-agua-y-el-lodo-radio-valencia\/"},"_links":{"self":[{"href":"https:\/\/serbenidorm.daliisolutions.com\/index.php\/wp-json\/wp\/v2\/posts\/11542","targetHints":{"allow":["GET"]}}],"collection":[{"href":"https:\/\/serbenidorm.daliisolutions.com\/index.php\/wp-json\/wp\/v2\/posts"}],"about":[{"href":"https:\/\/serbenidorm.daliisolutions.com\/index.php\/wp-json\/wp\/v2\/types\/post"}],"replies":[{"embeddable":true,"href":"https:\/\/serbenidorm.daliisolutions.com\/index.php\/wp-json\/wp\/v2\/comments?post=11542"}],"version-history":[{"count":0,"href":"https:\/\/serbenidorm.daliisolutions.com\/index.php\/wp-json\/wp\/v2\/posts\/11542\/revisions"}],"wp:featuredmedia":[{"embeddable":true,"href":"https:\/\/serbenidorm.daliisolutions.com\/index.php\/wp-json\/wp\/v2\/media\/11543"}],"wp:attachment":[{"href":"https:\/\/serbenidorm.daliisolutions.com\/index.php\/wp-json\/wp\/v2\/media?parent=11542"}],"wp:term":[{"taxonomy":"category","embeddable":true,"href":"https:\/\/serbenidorm.daliisolutions.com\/index.php\/wp-json\/wp\/v2\/categories?post=11542"},{"taxonomy":"post_tag","embeddable":true,"href":"https:\/\/serbenidorm.daliisolutions.com\/index.php\/wp-json\/wp\/v2\/tags?post=11542"}],"curies":[{"name":"wp","href":"https:\/\/api.w.org\/{rel}","templated":true}]}}