{"id":11593,"date":"2025-01-02T13:53:38","date_gmt":"2025-01-02T12:53:38","guid":{"rendered":"https:\/\/serbenidorm.daliisolutions.com\/index.php\/2025\/01\/02\/la-guardia-civil-detiene-en-callosa-a-dos-miembros-de-un-grupo-responsable-de-hasta-13-robos\/"},"modified":"2025-01-02T13:53:38","modified_gmt":"2025-01-02T12:53:38","slug":"la-guardia-civil-detiene-en-callosa-a-dos-miembros-de-un-grupo-responsable-de-hasta-13-robos","status":"publish","type":"post","link":"https:\/\/serbenidorm.daliisolutions.com\/index.php\/2025\/01\/02\/la-guardia-civil-detiene-en-callosa-a-dos-miembros-de-un-grupo-responsable-de-hasta-13-robos\/","title":{"rendered":"La Guardia Civil detiene en Callosa a dos miembros de un grupo responsable de hasta 13 robos"},"content":{"rendered":"  <p><div data-adtype=\"MLDB\"><\/div><\/p>   <p>Callosa d&#8217;En Sarri\u00e0<\/p>   <p>La Guardia Civil ha detenido a dos hombres de 44 y 48 a\u00f1os acusados de integrar un grupo criminal especializado en la comisi\u00f3n de trece robos con fuerza en el interior de viviendas en Callosa. <\/p>   <p>La investigaci\u00f3n se inici\u00f3 a mediados de 2024 cuando los agentes tuvieron conocimiento de un robo en el interior de una vivienda. Gracias a las primeras indagaciones, se obtuvieron detalles sobre la descripci\u00f3n f\u00edsica de los autores, lo que permiti\u00f3 dar inicio a las labores de b\u00fasqueda e identificaci\u00f3n.<\/p>   <p>En una primera fase, los investigadores establecieron dispositivos de vigilancia en las zonas afectadas, lo que facilit\u00f3 la identificaci\u00f3n de varias personas sospechosas. Posteriormente se realizaron indagaciones adicionales para confirmar su implicaci\u00f3n en los hechos.<\/p>   <p>Modus operandi<\/p>   <p>Durante los meses de investigaci\u00f3n y tras el an\u00e1lisis de las pruebas recopiladas, los agentes lograron vincular a los sospechosos con al menos 13 delitos contra el patrimonio. El modus operandi consist\u00eda en la <a href=\"https:\/\/cadenaser.com\/tag\/callosa_den_sarria\/a\/\" target=\"_blank\">selecci\u00f3n de viviendas deshabitadas<\/a>, realizar vigilancias previas y acceder mediante escalo. Una vez en el interior sustra\u00edan principalmente dinero en efectivo y objetos de valor.<\/p>   <p>Finalmente, el d\u00eda 2 de diciembre se produjo la explotaci\u00f3n de la operaci\u00f3n. Los investigadores, contando con el apoyo de la Unidad de Seguridad Ciudadana (USECIC) de Torrevieja y agentes del Servicio de Protecci\u00f3n a la Naturaleza (SEPRONA) de Altea, realizaron tres registros simult\u00e1neos en la vivienda e instalaciones utilizadas por los sospechosos.<\/p>   <p>     .c-w{         max-width:444px;         width:100%;         margin:32px auto;      background:#00755E;         border-radius:4px;         display:flex;         align-items:center;         justify-content:center;     }     .c-w a{         display:flex;         align-items:center;         justify-content:center;         padding:4px 24px;     }     .c-w img{         width:24px;         margin-right:12px;     }     .c-w p{         font:18px\/25px Poppins;         text-align:center;         color:#fff;         margin:0;     }     @media (max-width:444px){         .c-w a{             padding:4px 12px;         }         .c-w img{             width:24px;             margin-right:8px;         }         .c-w p{             font:14px\/25px Poppins;         }     }     @media (max-width:335px){         .c-w p{             font:13px\/25px Poppins;         }     }  <div class=\"c-w\">     <a href=\"https:\/\/www.whatsapp.com\/channel\/0029Va633PF9WtC4l7XUzh1e\" rel=\"nofollow\" target=\"_blank\">         <img decoding=\"async\" src=\"https:\/\/cadenaser.com\/estaticos\/recursosgraficos\/responsive\/img\/ico-whatsapp.svg\" alt=\"Whatsapp\">         <p>\u00danete al <b>canal de WhatsApp<\/b> de la SER<\/p>     <\/a> <\/div><\/p>   <p>En dicho registro se detuvo a dos personas y se intervinieron 2.300 euros en efectivo, joyas, relojes, herramientas empleadas para los robos, as\u00ed como pasamonta\u00f1as, prism\u00e1ticos y otros objetos relacionados con los delitos.<\/p>   <p>Los detenidos, dos hombres de 44 y 48 a\u00f1os y nacionalidad argelina, a los que se les imputa el delito de pertenencia a grupo criminal y trece delitos de robo con fuerza en interior de domicilio, han sido puestos a disposici\u00f3n del Juzgado de Instrucci\u00f3n n\u00ba1 de Villajoyosa, que ha decretado su libertad con la imposici\u00f3n de medidas cautelares.<\/p>   <p>La Guardia Civil ha logrado identificar hasta el momento 14 piezas de joyer\u00eda de las recuperadas en la actuaci\u00f3n, siendo devueltas a sus propietarios. Asimismo, la operaci\u00f3n sigue abierta, no descartando nuevas detenciones relacionadas con este asunto.<\/p> ","protected":false},"excerpt":{"rendered":"<p>Operaci\u00f3n Liquendo<\/p>\n","protected":false},"author":0,"featured_media":11594,"comment_status":"open","ping_status":"open","sticky":false,"template":"","format":"standard","meta":{"_acf_changed":false,"footnotes":""},"categories":[1],"tags":[],"class_list":["post-11593","post","type-post","status-publish","format-standard","has-post-thumbnail","hentry","category-sin-categoria"],"acf":{"ser_id":"OPNMEX2AJVDADDUJD6KMITUDWU","ser_url":"https:\/\/cadenaser.com\/comunitat-valenciana\/2025\/01\/02\/la-guardia-civil-detiene-en-callosa-a-dos-miembros-de-un-grupo-responsable-de-hasta-13-robos-radio-benidorm\/"},"_links":{"self":[{"href":"https:\/\/serbenidorm.daliisolutions.com\/index.php\/wp-json\/wp\/v2\/posts\/11593","targetHints":{"allow":["GET"]}}],"collection":[{"href":"https:\/\/serbenidorm.daliisolutions.com\/index.php\/wp-json\/wp\/v2\/posts"}],"about":[{"href":"https:\/\/serbenidorm.daliisolutions.com\/index.php\/wp-json\/wp\/v2\/types\/post"}],"replies":[{"embeddable":true,"href":"https:\/\/serbenidorm.daliisolutions.com\/index.php\/wp-json\/wp\/v2\/comments?post=11593"}],"version-history":[{"count":0,"href":"https:\/\/serbenidorm.daliisolutions.com\/index.php\/wp-json\/wp\/v2\/posts\/11593\/revisions"}],"wp:featuredmedia":[{"embeddable":true,"href":"https:\/\/serbenidorm.daliisolutions.com\/index.php\/wp-json\/wp\/v2\/media\/11594"}],"wp:attachment":[{"href":"https:\/\/serbenidorm.daliisolutions.com\/index.php\/wp-json\/wp\/v2\/media?parent=11593"}],"wp:term":[{"taxonomy":"category","embeddable":true,"href":"https:\/\/serbenidorm.daliisolutions.com\/index.php\/wp-json\/wp\/v2\/categories?post=11593"},{"taxonomy":"post_tag","embeddable":true,"href":"https:\/\/serbenidorm.daliisolutions.com\/index.php\/wp-json\/wp\/v2\/tags?post=11593"}],"curies":[{"name":"wp","href":"https:\/\/api.w.org\/{rel}","templated":true}]}}