{"id":11597,"date":"2025-01-02T13:53:39","date_gmt":"2025-01-02T12:53:39","guid":{"rendered":"https:\/\/serbenidorm.daliisolutions.com\/index.php\/2025\/01\/02\/calendario-laboral-2025-en-la-comunitat-valenciana-consulta-los-festivos-y-puentes-de-este-ano\/"},"modified":"2025-01-02T13:53:39","modified_gmt":"2025-01-02T12:53:39","slug":"calendario-laboral-2025-en-la-comunitat-valenciana-consulta-los-festivos-y-puentes-de-este-ano","status":"publish","type":"post","link":"https:\/\/serbenidorm.daliisolutions.com\/index.php\/2025\/01\/02\/calendario-laboral-2025-en-la-comunitat-valenciana-consulta-los-festivos-y-puentes-de-este-ano\/","title":{"rendered":"Calendario laboral 2025 en la Comunitat Valenciana: consulta los festivos y puentes de este a\u00f1o"},"content":{"rendered":"  <p><div data-adtype=\"MLDB\"><\/div><\/p>   <p>Val\u00e8ncia<\/p>   <p>El a\u00f1o 2025 que acaba de comenzar contar\u00e1 con un total de 12 d\u00edas festivos oficiales. Estos d\u00edas, fijados por la Generalitat y complementados por los festivos nacionales y por las festividades locales que han aprobado los ayuntamientos.<\/p>   <p>El Consell ha aprobado este viernes el proyecto de decreto por el que se determina el calendario laboral de aplicaci\u00f3n en el \u00e1mbito territorial de la Comunitat Valenciana para el a\u00f1o 2025.<\/p>   <p>En el decreto aprobado por el pleno del Consell el pasado 2 de agosto, se recogen las fiestas laborales de 2025 que tendr\u00e1n car\u00e1cter retribuido y no recuperable. Este a\u00f1o, <a href=\"https:\/\/cadenaser.com\/comunitat-valenciana\/2023\/09\/29\/calendario-laboral-2024-estos-son-los-festivos-en-la-comunitat-valenciana-radio-valencia\/\" target=\"_blank\">como ha pasado ya otros<\/a>, el 24 de junio, d\u00eda de San Juan, se establece como festivo retribuido con car\u00e1cter recuperable. Eso significa que <a href=\"https:\/\/cadenaser.com\/nacional\/2024\/06\/22\/donde-es-festivo-san-juan-2024-en-espana-las-localidades-en-las-que-el-24-de-junio-sera-dia-no-laborable-cadena-ser\/\" target=\"_blank\">quien no trabaje ese d\u00eda <\/a>tendr\u00e1 que recuperar las horas en otro momento.<\/p>   <p>Estos ser\u00e1n los festivos<\/p>   <p>En concreto, seg\u00fan el proyecto de decreto aprobado el pasado mes de agosto, los festivos retribuidos y no recuperables ser\u00e1n los siguientes:<\/p>   <p><li>1 de enero (mi\u00e9rcoles): A\u00f1o Nuevo<\/li><li>6 de enero (lunes): D\u00eda de Reyes<\/li><li>19 de marzo (mi\u00e9rcoles): San Jos\u00e9<\/li><li>18 de abril (viernes): Viernes Santo<\/li><li>21 de abril (lunes): Lunes de Pascua<\/li><li>1 de mayo (jueves): D\u00eda del Trabajador<\/li><li>15 de agosto (viernes): D\u00eda de la Asunci\u00f3n de la Virgen<\/li><li>9 d&#8217;Octubre (jueves): D\u00eda de la Comunitat Valenciana<\/li><li>1 de noviembre (s\u00e1bado): D\u00eda de Todos los Santos<\/li><li>6 de diciembre (s\u00e1bado): D\u00eda de la Constituci\u00f3n<\/li><li>8 de diciembre (lunes): Inmaculada Concepci\u00f3n<\/li><li>25 de diciembre (jueves): D\u00eda de Navidad<\/li><\/p>   <p>Este calendario se completar\u00e1 por las corporaciones locales de la Comunitat Valenciana, a las que corresponde determinar dos fiestas de car\u00e1cter local, de manera que se alcancen los 14 festivos que indica el Estatuto de los Trabajadores.<\/p>   <p>     .c-w{         max-width:444px;         width:100%;         margin:32px auto;      background:#00755E;         border-radius:4px;         display:flex;         align-items:center;         justify-content:center;     }     .c-w a{         display:flex;         align-items:center;         justify-content:center;         padding:4px 24px;     }     .c-w img{         width:24px;         margin-right:12px;     }     .c-w p{         font:18px\/25px Poppins;         text-align:center;         color:#fff;         margin:0;     }     @media (max-width:444px){         .c-w a{             padding:4px 12px;         }         .c-w img{             width:24px;             margin-right:8px;         }         .c-w p{             font:14px\/25px Poppins;         }     }     @media (max-width:335px){         .c-w p{             font:13px\/25px Poppins;         }     }  <div class=\"c-w\">     <a href=\"https:\/\/www.whatsapp.com\/channel\/0029Va633PF9WtC4l7XUzh1e\" rel=\"nofollow\" target=\"_blank\">         <img decoding=\"async\" src=\"https:\/\/cadenaser.com\/estaticos\/recursosgraficos\/responsive\/img\/ico-whatsapp.svg\" alt=\"Whatsapp\">         <p>\u00danete al <b>canal de WhatsApp<\/b> de la SER<\/p>     <\/a> <\/div><\/p>   <p>Festivos locales<\/p>   <p>En la ciudad de <b>Val\u00e8ncia<\/b>, las festividades locales de este a\u00f1o son el 22 de enero, d\u00eda de San Vicente M\u00e1rtir y el 28 de abril, d\u00eda de San Vicente Ferrer. El Ayuntamiento de <b>Alicante<\/b>, por su parte, ha fijado como fiestas locales de car\u00e1cter tradicional para 2025 el lunes 23 y el martes 24 de junio, los dos d\u00edas que pondr\u00e1n colof\u00f3n a las Hogueras de San Juan de este a\u00f1o. <\/p>   <p>El 28 de abril y el 29 de diciembre ser\u00e1n los dos festivos locales en <b>Elche <\/b>en 2025. En <b>Castell\u00f3<\/b>, por su parte, tendr\u00e1n como festivo local el 24 y el 28 d emarzo, que corresponden al lunes y al viernes d ela semana de las fiestas de la Magdalena. <\/p>   <p><i>Sigue toda la \u00faltima hora en el canal de Whatsapp de Radio Valencia: <\/i><a href=\"https:\/\/eur01.safelinks.protection.outlook.com\/?url=https%3A%2F%2Fwhatsapp.com%2Fchannel%2F0029VaHjyqSFHWq2Q3iHB33R&amp;data=05%7C02%7CASanchezSa%40prisaradio.com%7Cbcbba1a7cd834febfc0008dc718f345b%7Cc4fd49f3e15a44d882e2c909735d2e45%7C0%7C0%7C638510107081166370%7CUnknown%7CTWFpbGZsb3d8eyJWIjoiMC4wLjAwMDAiLCJQIjoiV2luMzIiLCJBTiI6Ik1haWwiLCJXVCI6Mn0%3D%7C0%7C%7C%7C&amp;sdata=WFs4%2BokiRyjbxmDJgRU9c1ksYZP%2F7O9hOQ0C1W8Esm0%3D&amp;reserved=0\" rel=\"nofollow\" target=\"_blank\"><i>haz clic aqu\u00ed y suscr\u00edbete<\/i><\/a><i> para recibir toda la informaci\u00f3n y la actualidad del d\u00eda en tu m\u00f3vil.<\/i><\/p> ","protected":false},"excerpt":{"rendered":"<p>Este a\u00f1o hay doce festivos oficiales m\u00e1s las dos festividades locales que establecen los ayuntamientos de cada municipio<\/p>\n","protected":false},"author":0,"featured_media":11598,"comment_status":"open","ping_status":"open","sticky":false,"template":"","format":"standard","meta":{"_acf_changed":false,"footnotes":""},"categories":[1],"tags":[],"class_list":["post-11597","post","type-post","status-publish","format-standard","has-post-thumbnail","hentry","category-sin-categoria"],"acf":{"ser_id":"BMYCGNMKCFBBFL5HKCLCP2LW6Q","ser_url":"https:\/\/cadenaser.com\/comunitat-valenciana\/2024\/08\/02\/la-generalitat-aprueba-el-calendario-laboral-para-2025-estos-son-los-festivos-en-la-comunitat-valenciana-el-proximo-ano-radio-valencia\/"},"_links":{"self":[{"href":"https:\/\/serbenidorm.daliisolutions.com\/index.php\/wp-json\/wp\/v2\/posts\/11597","targetHints":{"allow":["GET"]}}],"collection":[{"href":"https:\/\/serbenidorm.daliisolutions.com\/index.php\/wp-json\/wp\/v2\/posts"}],"about":[{"href":"https:\/\/serbenidorm.daliisolutions.com\/index.php\/wp-json\/wp\/v2\/types\/post"}],"replies":[{"embeddable":true,"href":"https:\/\/serbenidorm.daliisolutions.com\/index.php\/wp-json\/wp\/v2\/comments?post=11597"}],"version-history":[{"count":0,"href":"https:\/\/serbenidorm.daliisolutions.com\/index.php\/wp-json\/wp\/v2\/posts\/11597\/revisions"}],"wp:featuredmedia":[{"embeddable":true,"href":"https:\/\/serbenidorm.daliisolutions.com\/index.php\/wp-json\/wp\/v2\/media\/11598"}],"wp:attachment":[{"href":"https:\/\/serbenidorm.daliisolutions.com\/index.php\/wp-json\/wp\/v2\/media?parent=11597"}],"wp:term":[{"taxonomy":"category","embeddable":true,"href":"https:\/\/serbenidorm.daliisolutions.com\/index.php\/wp-json\/wp\/v2\/categories?post=11597"},{"taxonomy":"post_tag","embeddable":true,"href":"https:\/\/serbenidorm.daliisolutions.com\/index.php\/wp-json\/wp\/v2\/tags?post=11597"}],"curies":[{"name":"wp","href":"https:\/\/api.w.org\/{rel}","templated":true}]}}