{"id":11601,"date":"2025-01-02T14:36:11","date_gmt":"2025-01-02T13:36:11","guid":{"rendered":"https:\/\/serbenidorm.daliisolutions.com\/index.php\/2025\/01\/02\/los-emisarios-de-los-reyes-magos-de-oriente-preparan-la-llegada-a-benidorm-de-melchor-gaspar-y-baltasar\/"},"modified":"2025-01-02T14:36:11","modified_gmt":"2025-01-02T13:36:11","slug":"los-emisarios-de-los-reyes-magos-de-oriente-preparan-la-llegada-a-benidorm-de-melchor-gaspar-y-baltasar","status":"publish","type":"post","link":"https:\/\/serbenidorm.daliisolutions.com\/index.php\/2025\/01\/02\/los-emisarios-de-los-reyes-magos-de-oriente-preparan-la-llegada-a-benidorm-de-melchor-gaspar-y-baltasar\/","title":{"rendered":"Los emisarios de los Reyes Magos de Oriente preparan la llegada a Benidorm de Melchor, Gaspar y Baltasar"},"content":{"rendered":"  <p><div data-adtype=\"MLDB\"><\/div><\/p>   <p>Benidorm<\/p>   <p>Benidorm ya est\u00e1 preparada para recibir y dar la bienvenida a los Reyes Magos de Oriente, que llegar\u00e1n a la ciudad el pr\u00f3ximo domingo, 5 de enero, acompa\u00f1ados de un millar de personas.<\/p>   <p>As\u00ed lo han avanzado en<a href=\"https:\/\/radiobenidorm.es\/\" rel=\"nofollow\" target=\"_blank\"> Hoy por Hoy Benidorm<\/a> la edil de Fiestas, Maril\u00f3 Cebreros, y los emisarios de SS.MM. los Reyes Magos de Oriente.<\/p>   <p>Los preparativos de la gran Cabalgata de Reyes ya est\u00e1n siendo supervisados por los emisarios de Melchor, Gaspar y Baltasar. El Rey Melchor ha designado a Juan Barroso como su mano derecha en la importante tarea de organizar la entrega de regalos a los benidormenses; mientras que el Rey Gaspar ha depositado su confianza en Michel Acosta y el Rey Baltasar en Pedro Rostoll \u2018Menotti\u2019.<\/p>   <p>La Cabalgata del 5 de enero estar\u00e1 dividida en dos partes: una primera l\u00fadica, en la que el protagonismo es para los personajes de pel\u00edculas y series infantiles; y una segunda, m\u00e1s tradicional, en la que se recrea el cuento \u2018La historia de los Reyes Magos de Oriente\u2019.<\/p>   <p>A las m\u00e1s de 700 personas que conforman el s\u00e9quito de sus Majestades se suman cinco cuerpos de baile, 10 carrozas y cinco agrupaciones musicales de Benidorm: la Uni\u00f3n Musical, la Societat Musical l\u2019Illa, la Societat Musical La Nova, la bandeta Tropical y la Colla de Xirimiters de la Marina. Y as\u00ed hasta alcanzar el millar de personas.<\/p>   <p>     .c-w{         max-width:444px;         width:100%;         margin:32px auto;      background:#00755E;         border-radius:4px;         display:flex;         align-items:center;         justify-content:center;     }     .c-w a{         display:flex;         align-items:center;         justify-content:center;         padding:4px 24px;     }     .c-w img{         width:24px;         margin-right:12px;     }     .c-w p{         font:18px\/25px Poppins;         text-align:center;         color:#fff;         margin:0;     }     @media (max-width:444px){         .c-w a{             padding:4px 12px;         }         .c-w img{             width:24px;             margin-right:8px;         }         .c-w p{             font:14px\/25px Poppins;         }     }     @media (max-width:335px){         .c-w p{             font:13px\/25px Poppins;         }     }  <div class=\"c-w\">     <a href=\"https:\/\/www.whatsapp.com\/channel\/0029Va633PF9WtC4l7XUzh1e\" rel=\"nofollow\" target=\"_blank\">         <img decoding=\"async\" src=\"https:\/\/cadenaser.com\/estaticos\/recursosgraficos\/responsive\/img\/ico-whatsapp.svg\" alt=\"Whatsapp\">         <p>\u00danete al <b>canal de WhatsApp<\/b> de la SER<\/p>     <\/a> <\/div><\/p>   <p>Como ya es tradici\u00f3n, las agrupaciones musicales interpretar\u00e1n la adaptaci\u00f3n de la suite sinf\u00f3nica \u2018Los Reyes Magos\u2019, escrita expresamente para la Cabalgata por el compositor benidormense Francisco Jos\u00e9 Rovira Peret\u00f3. Esta \u2018suite\u2019 se estructura en seis partes siguiendo la disposici\u00f3n del cuento: \u2018La Historia de los Reyes Magos\u2019, como son \u2018La estrella y el nacimiento\u2019, \u2018Herodes\u2019, \u2018Los pastores\u2019, \u2018El zoco \u00e1rabe\u2019, \u2018El s\u00e9quito real\u2019 y, por \u00faltimo, \u2018Los Reyes Magos\u2019.<\/p>   <p>La Cabalgata partir\u00e1 a las 18.00 horas del Parque de Elche y a partir de ah\u00ed discurrir\u00e1 por la avenida de Los Almendros, calles Marte, Venus, Ruzafa y Herrer\u00edas, Plaza de SSMM Reyes de Espa\u00f1a y Parque de l\u2019Aig\u00fcera hasta alcanzar el auditorio Julio Iglesias, donde hay previsto \u201cun espect\u00e1culo multimedia y el lanzamiento de un castillo de fuegos artificiales\u201d y donde sus Majestades repartir\u00e1n regalos entre los ni\u00f1os y ni\u00f1as.<\/p>   <p>Los preparativos para recibir a los Magos de Oriente se van a coordinar desde el Campamento Real, que ya est\u00e1 instalado en los jardines de la Plaza SSMM Reyes de Espa\u00f1a. Muy cerquita, en la Plaza de la Navidad, esta tarde a partir de las 18.000 horas se emplazar\u00e1 el Cartero Real, para recoger las cartas que los m\u00e1s peque\u00f1os han escrito a sus Majestades; visita que se repetir\u00e1 las tardes de ma\u00f1ana viernes y del s\u00e1bado, d\u00eda 4.<\/p> ","protected":false},"excerpt":{"rendered":"<p>Sus Majestades ya han elegido a sus emisarios: Juan Barroso, Michel Acosta y Pedro Rostoll<\/p>\n","protected":false},"author":0,"featured_media":11602,"comment_status":"open","ping_status":"open","sticky":false,"template":"","format":"standard","meta":{"_acf_changed":false,"footnotes":""},"categories":[1],"tags":[],"class_list":["post-11601","post","type-post","status-publish","format-standard","has-post-thumbnail","hentry","category-sin-categoria"],"acf":{"ser_id":"DM3MB6OJ7RFP3ECSPSRE3D46CM","ser_url":"https:\/\/cadenaser.com\/comunitat-valenciana\/2025\/01\/02\/los-emisarios-de-los-reyes-magos-de-oriente-preparan-la-llegada-a-benidorm-de-melchor-gaspar-y-baltasar-radio-benidorm\/"},"_links":{"self":[{"href":"https:\/\/serbenidorm.daliisolutions.com\/index.php\/wp-json\/wp\/v2\/posts\/11601","targetHints":{"allow":["GET"]}}],"collection":[{"href":"https:\/\/serbenidorm.daliisolutions.com\/index.php\/wp-json\/wp\/v2\/posts"}],"about":[{"href":"https:\/\/serbenidorm.daliisolutions.com\/index.php\/wp-json\/wp\/v2\/types\/post"}],"replies":[{"embeddable":true,"href":"https:\/\/serbenidorm.daliisolutions.com\/index.php\/wp-json\/wp\/v2\/comments?post=11601"}],"version-history":[{"count":0,"href":"https:\/\/serbenidorm.daliisolutions.com\/index.php\/wp-json\/wp\/v2\/posts\/11601\/revisions"}],"wp:featuredmedia":[{"embeddable":true,"href":"https:\/\/serbenidorm.daliisolutions.com\/index.php\/wp-json\/wp\/v2\/media\/11602"}],"wp:attachment":[{"href":"https:\/\/serbenidorm.daliisolutions.com\/index.php\/wp-json\/wp\/v2\/media?parent=11601"}],"wp:term":[{"taxonomy":"category","embeddable":true,"href":"https:\/\/serbenidorm.daliisolutions.com\/index.php\/wp-json\/wp\/v2\/categories?post=11601"},{"taxonomy":"post_tag","embeddable":true,"href":"https:\/\/serbenidorm.daliisolutions.com\/index.php\/wp-json\/wp\/v2\/tags?post=11601"}],"curies":[{"name":"wp","href":"https:\/\/api.w.org\/{rel}","templated":true}]}}