{"id":11603,"date":"2025-01-02T15:09:02","date_gmt":"2025-01-02T14:09:02","guid":{"rendered":"https:\/\/serbenidorm.daliisolutions.com\/index.php\/2025\/01\/02\/un-ano-judicial-repleto-de-pelotazos-urbanisticos-estafas-por-las-mascarillas-y-delitos-fiscales\/"},"modified":"2025-01-02T15:09:02","modified_gmt":"2025-01-02T14:09:02","slug":"un-ano-judicial-repleto-de-pelotazos-urbanisticos-estafas-por-las-mascarillas-y-delitos-fiscales","status":"publish","type":"post","link":"https:\/\/serbenidorm.daliisolutions.com\/index.php\/2025\/01\/02\/un-ano-judicial-repleto-de-pelotazos-urbanisticos-estafas-por-las-mascarillas-y-delitos-fiscales\/","title":{"rendered":"Un a\u00f1o judicial repleto de pelotazos urban\u00edsticos, estafas por las mascarillas y delitos fiscales."},"content":{"rendered":"  <p><div data-adtype=\"MLDB\"><\/div><\/p>   <p>Madrid<\/p>   <p>El denominado caso Errej\u00f3n se activa el d\u00eda 16 con el interrogatorio al expol\u00edtico de Mas Madrid y a la denunciante, Elisa Mouli\u00e1 pero tres d\u00edas antes ser\u00e1 el turno de Nacho Cano y otros 3 empleados de su compa\u00f1\u00eda por los delitos contra los ciudadanos extranjeros y contra los derechos de los trabajadores.<\/p>   <p>Entre tanto, el caso del novio de Ayuso sigue paralizado a la espera de que la Audiencia Provincial resuelva el recurso para imputar a Alberto Gonz\u00e1lez dos delitos m\u00e1s, dos delitos relacionados con la corrupci\u00f3n econ\u00f3mica sobre los que no puede llegar a acuerdo alguno para no ir a juicio.<\/p>   <p>El d\u00eda 24 de este mes, el juzgado de instrucci\u00f3n n\u00famero 3 de Alcal\u00e1 de Henares ha citado como imputada a la alcaldesa del municipio, a Judith Piquet para que testifique sobre el delito de infidelidad en la custodia de documentos en relaci\u00f3n con la supuesta filtraci\u00f3n de dos denuncias de agresiones sexuales que se vincularon a inmigrantes.<\/p>   <p>La jueza quiere saber porque esos documentos acabaron, por ejemplo, en la cuenta de X-antes Twitter ,de Alfonso Serrano, secretario general del PP de Madrid y aforado porque es diputado regional.<\/p>   <p>Todos estos procedimientos se encuentran en fase de investigaci\u00f3n, pero 2025 se inicia con juicios muy relevantes, sobre todo para el Partido Popular. El d\u00eda 17 regresa la Gurtel a la Audiencia Nacional y regresa con la pieza de Arganda del Rey, una pieza centrada en el pelotazo urban\u00edstico que Correa y sus colaboradores, exalcaldes y exconcejales de la formaci\u00f3n conservadora, lograron junto a empresarios como Fernando Martin en ese municipio del sureste.<\/p>   <p>     .c-w{         max-width:444px;         width:100%;         margin:32px auto;      background:#00755E;         border-radius:4px;         display:flex;         align-items:center;         justify-content:center;     }     .c-w a{         display:flex;         align-items:center;         justify-content:center;         padding:4px 24px;     }     .c-w img{         width:24px;         margin-right:12px;     }     .c-w p{         font:18px\/25px Poppins;         text-align:center;         color:#fff;         margin:0;     }     @media (max-width:444px){         .c-w a{             padding:4px 12px;         }         .c-w img{             width:24px;             margin-right:8px;         }         .c-w p{             font:14px\/25px Poppins;         }     }     @media (max-width:335px){         .c-w p{             font:13px\/25px Poppins;         }     }  <div class=\"c-w\">     <a href=\"https:\/\/www.whatsapp.com\/channel\/0029Va633PF9WtC4l7XUzh1e\" rel=\"nofollow\" target=\"_blank\">         <img decoding=\"async\" src=\"https:\/\/cadenaser.com\/estaticos\/recursosgraficos\/responsive\/img\/ico-whatsapp.svg\" alt=\"Whatsapp\">         <p>\u00danete al <b>canal de WhatsApp<\/b> de la SER<\/p>     <\/a> <\/div><\/p>   <p>El 11 de febrero se inicia en la Audiencia Provincial el juicio a otro pelotazo: el de las mascarillas que se\u00f1alan a Antonio Luce\u00f1o y Luis Medina como responsables de numerosos delitos de estafa continuada, falsedad documental y contra la Hacienda P\u00fablica.<\/p>   <p>La Fiscal\u00eda solicita 15 a\u00f1os para Luce\u00f1o y 9 para el hijo de Nati Abascal. Se embolsaron presuntamente 6 millones de euros en plena pandemia con la venta de material anticovid.<\/p> ","protected":false},"excerpt":{"rendered":"<p>Regresa al banquillo la Gurtel del PP en Arganda del Rey con estafa urban\u00edstica millonaria<\/p>\n","protected":false},"author":0,"featured_media":11604,"comment_status":"open","ping_status":"open","sticky":false,"template":"","format":"standard","meta":{"_acf_changed":false,"footnotes":""},"categories":[1],"tags":[],"class_list":["post-11603","post","type-post","status-publish","format-standard","has-post-thumbnail","hentry","category-sin-categoria"],"acf":{"ser_id":"TKYQJUYL4BEMDEH7WGBE3BB3GQ","ser_url":"https:\/\/cadenaser.com\/cmadrid\/2025\/01\/02\/un-ano-judicial-repleto-de-pelotazos-urbanisticos-estafas-por-las-mascarillas-y-delitos-fiscales-radio-madrid\/"},"_links":{"self":[{"href":"https:\/\/serbenidorm.daliisolutions.com\/index.php\/wp-json\/wp\/v2\/posts\/11603","targetHints":{"allow":["GET"]}}],"collection":[{"href":"https:\/\/serbenidorm.daliisolutions.com\/index.php\/wp-json\/wp\/v2\/posts"}],"about":[{"href":"https:\/\/serbenidorm.daliisolutions.com\/index.php\/wp-json\/wp\/v2\/types\/post"}],"replies":[{"embeddable":true,"href":"https:\/\/serbenidorm.daliisolutions.com\/index.php\/wp-json\/wp\/v2\/comments?post=11603"}],"version-history":[{"count":0,"href":"https:\/\/serbenidorm.daliisolutions.com\/index.php\/wp-json\/wp\/v2\/posts\/11603\/revisions"}],"wp:featuredmedia":[{"embeddable":true,"href":"https:\/\/serbenidorm.daliisolutions.com\/index.php\/wp-json\/wp\/v2\/media\/11604"}],"wp:attachment":[{"href":"https:\/\/serbenidorm.daliisolutions.com\/index.php\/wp-json\/wp\/v2\/media?parent=11603"}],"wp:term":[{"taxonomy":"category","embeddable":true,"href":"https:\/\/serbenidorm.daliisolutions.com\/index.php\/wp-json\/wp\/v2\/categories?post=11603"},{"taxonomy":"post_tag","embeddable":true,"href":"https:\/\/serbenidorm.daliisolutions.com\/index.php\/wp-json\/wp\/v2\/tags?post=11603"}],"curies":[{"name":"wp","href":"https:\/\/api.w.org\/{rel}","templated":true}]}}