{"id":11661,"date":"2025-01-05T19:50:25","date_gmt":"2025-01-05T18:50:25","guid":{"rendered":"https:\/\/serbenidorm.daliisolutions.com\/index.php\/2025\/01\/05\/camareros-limpiadoras-y-musicos-radiografia-del-empleo-en-benidorm-y-la-marina-baixa-en-2024\/"},"modified":"2025-01-05T19:50:25","modified_gmt":"2025-01-05T18:50:25","slug":"camareros-limpiadoras-y-musicos-radiografia-del-empleo-en-benidorm-y-la-marina-baixa-en-2024","status":"publish","type":"post","link":"https:\/\/serbenidorm.daliisolutions.com\/index.php\/2025\/01\/05\/camareros-limpiadoras-y-musicos-radiografia-del-empleo-en-benidorm-y-la-marina-baixa-en-2024\/","title":{"rendered":"Camareros, limpiadoras y m\u00fasicos: radiograf\u00eda del empleo en Benidorm y la Marina Baixa en 2024"},"content":{"rendered":"  <p><div data-adtype=\"MLDB\"><\/div><\/p>   <p>Benidorm<\/p>   <p>El de camarero fue el trabajo m\u00e1s contratado en ambos sexos en Benidorm y la Marina Baixa durante 2024 seguido de compositores, m\u00fasicos y cantantes en el caso de los hombres y de limpiadoras as\u00ed como vendedoras en el caso de las mujeres.<\/p>   <p>Son algunos de los datos m\u00e1s destacables del mundo del empleo en la comarca al cierre del a\u00f1o. <a href=\"https:\/\/cadenaser.com\/tag\/comarca_la_marina_baixa\/a\/\" target=\"_blank\">Un a\u00f1o que ha terminado con 9.367 parados, 143 m\u00e1s que el mes anterior, pero 577 menos (-5,8%) que cuando concluy\u00f3 el 2023<\/a>.<\/p>  <p><p>M\u00e1s informaci\u00f3n<\/p><figure><img loading=\"lazy\" decoding=\"async\" src=\"https:\/\/cadenaser.com\/resizer\/v2\/STNBPU6XDJA7FES5JS5A3N42IU.png?auth=fb8a3239cccb3143183daade6b346c70d99537ede86cfd57b42f862ce43fb612&amp;quality=70&amp;width=360&amp;height=202&amp;smart=true\" width=\"820\" height=\"621\" \/><\/figure><ul><li><a href=\"https:\/\/cadenaser.com\/comunitat-valenciana\/2025\/01\/03\/con-los-juguetes-no-se-juega-la-policia-local-de-benidorm-interviene-mas-de-2000-articulos-por-su-peligro-para-los-ninos-radio-benidorm\/\"><span>\u00abCon los juguetes no se juega\u00bb: la Polic\u00eda de Benidorm interviene m\u00e1s de 2.000 art\u00edculos por su peligro<\/span><\/a><\/li><\/ul><\/p>   <p>Casi 600 personas han salido de las listas del paro durante los \u00faltimos doce meses a pesar de los ligeros incrementos del desempleo que se han sucedido durante los \u00faltimos cuatro.<\/p>   <p>La secretaria general de UGT en las Marinas, Yolanda D\u00edaz, ha vuelto a hacer hincapi\u00e9 en la temporalidad y a reivindicar alternativas al sector servicios. Por su parte, el secretario de Di\u00e1logo Social de Comisiones Obreras en la Comunitat Valenciana, Dani Pati\u00f1o, ha detallado que el n\u00famero de contratos indefinidos ha sido del 50,48 % \u00abcon un repunte de hasta el 49,19% de la contrataci\u00f3n a tiempo parcial\u00bb.<\/p>   <p>Por municipios<\/p>   <p><li><a href=\"https:\/\/cadenaser.com\/tag\/benidorm\/a\/\" target=\"_blank\">Benidorm <\/a>empieza 2025 con 271 parados menos que al inicio de 2024: hay 3.485 personas desempleadas<\/li><li><a href=\"https:\/\/cadenaser.com\/tag\/vila_joiosa\/a\/\" target=\"_blank\">La Vila Joiosa<\/a> tiene 165 menos que el a\u00f1o pasado; son en la actualidad 2.076<\/li><li><a href=\"https:\/\/cadenaser.com\/tag\/altea\/a\/\" target=\"_blank\">Altea<\/a> 45 menos, son 1.076<\/li><li><a href=\"https:\/\/cadenaser.com\/tag\/lalfas_del_pi\/a\/\" target=\"_blank\">L\u2019Alf\u00e0s del Pi<\/a> 14 menos, son 772<\/li><li><a href=\"https:\/\/cadenaser.com\/tag\/la_nucia\/a\/\" target=\"_blank\">La Nuc\u00eda<\/a> 34 parados menos respecto al inicio del 2024. Son hoy por hoy 812 desempleados<\/li><\/p> ","protected":false},"excerpt":{"rendered":"<p>La comarca ha empezado el a\u00f1o con 9.367 personas inscritas en el paro<\/p>\n","protected":false},"author":0,"featured_media":11662,"comment_status":"open","ping_status":"open","sticky":false,"template":"","format":"standard","meta":{"_acf_changed":false,"footnotes":""},"categories":[1],"tags":[],"class_list":["post-11661","post","type-post","status-publish","format-standard","has-post-thumbnail","hentry","category-sin-categoria"],"acf":{"ser_id":"Y7IJGQP4NZH2NAERFHLNVM4P6I","ser_url":"https:\/\/cadenaser.com\/comunitat-valenciana\/2025\/01\/03\/camareros-limpiadoras-y-musicos-radiografia-del-empleo-en-benidorm-y-la-marina-baixa-en-2024-radio-benidorm\/"},"_links":{"self":[{"href":"https:\/\/serbenidorm.daliisolutions.com\/index.php\/wp-json\/wp\/v2\/posts\/11661","targetHints":{"allow":["GET"]}}],"collection":[{"href":"https:\/\/serbenidorm.daliisolutions.com\/index.php\/wp-json\/wp\/v2\/posts"}],"about":[{"href":"https:\/\/serbenidorm.daliisolutions.com\/index.php\/wp-json\/wp\/v2\/types\/post"}],"replies":[{"embeddable":true,"href":"https:\/\/serbenidorm.daliisolutions.com\/index.php\/wp-json\/wp\/v2\/comments?post=11661"}],"version-history":[{"count":0,"href":"https:\/\/serbenidorm.daliisolutions.com\/index.php\/wp-json\/wp\/v2\/posts\/11661\/revisions"}],"wp:featuredmedia":[{"embeddable":true,"href":"https:\/\/serbenidorm.daliisolutions.com\/index.php\/wp-json\/wp\/v2\/media\/11662"}],"wp:attachment":[{"href":"https:\/\/serbenidorm.daliisolutions.com\/index.php\/wp-json\/wp\/v2\/media?parent=11661"}],"wp:term":[{"taxonomy":"category","embeddable":true,"href":"https:\/\/serbenidorm.daliisolutions.com\/index.php\/wp-json\/wp\/v2\/categories?post=11661"},{"taxonomy":"post_tag","embeddable":true,"href":"https:\/\/serbenidorm.daliisolutions.com\/index.php\/wp-json\/wp\/v2\/tags?post=11661"}],"curies":[{"name":"wp","href":"https:\/\/api.w.org\/{rel}","templated":true}]}}