{"id":11701,"date":"2025-01-07T14:36:12","date_gmt":"2025-01-07T13:36:12","guid":{"rendered":"https:\/\/serbenidorm.daliisolutions.com\/index.php\/2025\/01\/07\/el-catastro-de-alicante-decidira-sobre-la-bajada-del-ibi-en-el-barrio-historico-de-villajoyosa\/"},"modified":"2025-01-07T14:36:12","modified_gmt":"2025-01-07T13:36:12","slug":"el-catastro-de-alicante-decidira-sobre-la-bajada-del-ibi-en-el-barrio-historico-de-villajoyosa","status":"publish","type":"post","link":"https:\/\/serbenidorm.daliisolutions.com\/index.php\/2025\/01\/07\/el-catastro-de-alicante-decidira-sobre-la-bajada-del-ibi-en-el-barrio-historico-de-villajoyosa\/","title":{"rendered":"El Catastro de Alicante decidir\u00e1 sobre la bajada del IBI en el barrio hist\u00f3rico de Villajoyosa"},"content":{"rendered":"  <p><div data-adtype=\"MLDB\"><\/div><\/p>   <p>La Vila Joiosa<\/p>   <p>La rebaja del Impuesto de Bienes Inmuebles (IBI) para los inmuebles afectados por el Plan Especial de la Ciudad Hist\u00f3rica de La Vila Joiosa depende ahora de la<a href=\"https:\/\/cadenaser.com\/tag\/vila_joiosa\/a\/\" target=\"_blank\"> decisi\u00f3n final de la Gerencia Territorial del Catastro de Alicante<\/a>, a la que el alcalde de la ciudad, Marcos Zaragoza, ha solicitado la aplicaci\u00f3n de los coeficientes espec\u00edficos que permitan ese alivio en el recibo.<\/p>  <p><p>M\u00e1s informaci\u00f3n<\/p><figure><img loading=\"lazy\" decoding=\"async\" src=\"https:\/\/cadenaser.com\/resizer\/v2\/A74IT6AK7VCLDEZ7AVC6U2YZI4.jpg?auth=856ae68a598eb8f0e3a3dd6a65f78d347613afd1ebd3f96eb60c1ad18bd91c11&amp;quality=70&amp;width=360&amp;height=202&amp;smart=true\" width=\"820\" height=\"621\" \/><\/figure><ul><li><a href=\"https:\/\/cadenaser.com\/comunitat-valenciana\/2025\/01\/03\/camareros-limpiadoras-y-musicos-radiografia-del-empleo-en-benidorm-y-la-marina-baixa-en-2024-radio-benidorm\/\"><span>Camareros, limpiadoras y m\u00fasicos: radiograf\u00eda del empleo en la Marina Baixa en 2024<\/span><\/a><\/li><\/ul><\/p>   <p>Con ello, el primer edil ha atendido la reclamaci\u00f3n de la Asociaci\u00f3n del Casco Antiguo, una agrupaci\u00f3n vecinal que solicitaba desde el a\u00f1o 2018 esta bonificaci\u00f3n. <\/p>   <p>En este caso, ha solicitado dicha revisi\u00f3n al Catastro para que la bonificaci\u00f3n no s\u00f3lo se aplique a los vecinos que ya lo han reclamado desde la asociaci\u00f3n, sino a todos los vecinos propietarios de inmuebles del conjunto hist\u00f3rico declarado Bien de Inter\u00e9s Cultural, por lo que ha remitido a la Gerencia del Catastro de Alicante el cat\u00e1logo de bienes y espacios protegidos derivado del Plan Especial de la Ciudad Hist\u00f3rica.<\/p>   <p>Para ello, Zaragoza ha mantenido una reuni\u00f3n con los representantes de la asociaci\u00f3n de vecinos, un c\u00f3nclave al que tambi\u00e9n ha asistido la concejala de Patrimonio Hist\u00f3rico y S\u00edndica del barrio, Rosa Llorca. En este encuentro, se han tratado, adem\u00e1s, cuestiones relacionadas con futuras inversiones en el barrio; como la renovaci\u00f3n de la plaza de la iglesia o la reactivaci\u00f3n del sistema de control de accesos de veh\u00edculos. <\/p>   <p>As\u00ed mismo, el alcalde ha informado a los residentes que, gracias a la aprobaci\u00f3n, por primera vez, del Plan Normativo Anual, este a\u00f1o se revisar\u00e1n diversas ordenanzas municipales que afectan al barrio hist\u00f3rico.<\/p>   <p>     .c-w{         max-width:444px;         width:100%;         margin:32px auto;      background:#00755E;         border-radius:4px;         display:flex;         align-items:center;         justify-content:center;     }     .c-w a{         display:flex;         align-items:center;         justify-content:center;         padding:4px 24px;     }     .c-w img{         width:24px;         margin-right:12px;     }     .c-w p{         font:18px\/25px Poppins;         text-align:center;         color:#fff;         margin:0;     }     @media (max-width:444px){         .c-w a{             padding:4px 12px;         }         .c-w img{             width:24px;             margin-right:8px;         }         .c-w p{             font:14px\/25px Poppins;         }     }     @media (max-width:335px){         .c-w p{             font:13px\/25px Poppins;         }     }  <div class=\"c-w\">     <a href=\"https:\/\/www.whatsapp.com\/channel\/0029Va633PF9WtC4l7XUzh1e\" rel=\"nofollow\" target=\"_blank\">         <img decoding=\"async\" src=\"https:\/\/cadenaser.com\/estaticos\/recursosgraficos\/responsive\/img\/ico-whatsapp.svg\" alt=\"Whatsapp\">         <p>\u00danete al <b>canal de WhatsApp<\/b> de la SER<\/p>     <\/a> <\/div><\/p> ","protected":false},"excerpt":{"rendered":"<p>El Ayuntamiento estudiar\u00e1 c\u00f3mo devolver a los propietarios de los inmuebles afectados por el plan especial los impuestos cobrados de m\u00e1s en los \u00faltimos cuatro a\u00f1os<\/p>\n","protected":false},"author":0,"featured_media":11702,"comment_status":"open","ping_status":"open","sticky":false,"template":"","format":"standard","meta":{"_acf_changed":false,"footnotes":""},"categories":[1],"tags":[],"class_list":["post-11701","post","type-post","status-publish","format-standard","has-post-thumbnail","hentry","category-sin-categoria"],"acf":{"ser_id":"WAK6OILW7JH5VJDXTILE4FJFPY","ser_url":"https:\/\/cadenaser.com\/comunitat-valenciana\/2025\/01\/07\/el-catastro-de-alicante-decidira-sobre-la-bajada-del-ibi-en-el-barrio-historico-de-villajoyosa-radio-benidorm\/"},"_links":{"self":[{"href":"https:\/\/serbenidorm.daliisolutions.com\/index.php\/wp-json\/wp\/v2\/posts\/11701","targetHints":{"allow":["GET"]}}],"collection":[{"href":"https:\/\/serbenidorm.daliisolutions.com\/index.php\/wp-json\/wp\/v2\/posts"}],"about":[{"href":"https:\/\/serbenidorm.daliisolutions.com\/index.php\/wp-json\/wp\/v2\/types\/post"}],"replies":[{"embeddable":true,"href":"https:\/\/serbenidorm.daliisolutions.com\/index.php\/wp-json\/wp\/v2\/comments?post=11701"}],"version-history":[{"count":0,"href":"https:\/\/serbenidorm.daliisolutions.com\/index.php\/wp-json\/wp\/v2\/posts\/11701\/revisions"}],"wp:featuredmedia":[{"embeddable":true,"href":"https:\/\/serbenidorm.daliisolutions.com\/index.php\/wp-json\/wp\/v2\/media\/11702"}],"wp:attachment":[{"href":"https:\/\/serbenidorm.daliisolutions.com\/index.php\/wp-json\/wp\/v2\/media?parent=11701"}],"wp:term":[{"taxonomy":"category","embeddable":true,"href":"https:\/\/serbenidorm.daliisolutions.com\/index.php\/wp-json\/wp\/v2\/categories?post=11701"},{"taxonomy":"post_tag","embeddable":true,"href":"https:\/\/serbenidorm.daliisolutions.com\/index.php\/wp-json\/wp\/v2\/tags?post=11701"}],"curies":[{"name":"wp","href":"https:\/\/api.w.org\/{rel}","templated":true}]}}