{"id":11705,"date":"2025-01-07T14:36:17","date_gmt":"2025-01-07T13:36:17","guid":{"rendered":"https:\/\/serbenidorm.daliisolutions.com\/index.php\/2025\/01\/07\/la-policia-nacional-detiene-en-benidorm-a-un-hombre-por-agredir-a-su-inquilina-e-intentar-prostituirla\/"},"modified":"2025-01-07T14:36:17","modified_gmt":"2025-01-07T13:36:17","slug":"la-policia-nacional-detiene-en-benidorm-a-un-hombre-por-agredir-a-su-inquilina-e-intentar-prostituirla","status":"publish","type":"post","link":"https:\/\/serbenidorm.daliisolutions.com\/index.php\/2025\/01\/07\/la-policia-nacional-detiene-en-benidorm-a-un-hombre-por-agredir-a-su-inquilina-e-intentar-prostituirla\/","title":{"rendered":"La Polic\u00eda Nacional detiene en Benidorm a un hombre por agredir a su inquilina e intentar prostituirla"},"content":{"rendered":"  <p><div data-adtype=\"MLDB\"><\/div><\/p>   <p>Benidorm<\/p>   <p>Un hombre de 38 a\u00f1os ha sido detenido por agredir a una inquilina de una habitaci\u00f3n de la vivienda que compart\u00edan en Benidorm, a la que intent\u00f3 prostituir como m\u00e9todo para el pago de la renta.<\/p>   <p>Seg\u00fan la Polic\u00eda Nacional, <a href=\"https:\/\/cadenaser.com\/tag\/benidorm\/a\/\" target=\"_blank\">los hechos ocurrieron tras alquilar por 300 euros mensuales la v\u00edctima una habitaci\u00f3n en la vivienda donde el detenido resid\u00eda junto a otra mujer<\/a>.<\/p>   <p>La agredida, que hab\u00eda encontrado la habitaci\u00f3n gracias a que una amiga la incluy\u00f3 en un grupo de mensajer\u00eda social, se instal\u00f3 en la vivienda compartida y una vez dentro el var\u00f3n le comunic\u00f3 que deb\u00eda prostituirse como forma de pago, a lo que se neg\u00f3 y abandon\u00f3 el lugar dejando sus pertenencias.<\/p>  <p><p>M\u00e1s informaci\u00f3n<\/p><figure><img loading=\"lazy\" decoding=\"async\" src=\"https:\/\/cadenaser.com\/resizer\/v2\/STNBPU6XDJA7FES5JS5A3N42IU.png?auth=fb8a3239cccb3143183daade6b346c70d99537ede86cfd57b42f862ce43fb612&amp;quality=70&amp;width=360&amp;height=202&amp;smart=true\" width=\"820\" height=\"621\" \/><\/figure><ul><li><a href=\"https:\/\/cadenaser.com\/comunitat-valenciana\/2025\/01\/03\/con-los-juguetes-no-se-juega-la-policia-local-de-benidorm-interviene-mas-de-2000-articulos-por-su-peligro-para-los-ninos-radio-benidorm\/\"><span>\u00abCon los juguetes no se juega\u00bb: la Polic\u00eda de Benidorm interviene m\u00e1s de 2.000 art\u00edculos por su peligro<\/span><\/a><\/li><\/ul><\/p>   <p>Al regresar posteriormente a por ellas, al principio el hombre le impidi\u00f3 entrar a la casa y cuando, por fin, pudo hacerlo, la v\u00edctima comprob\u00f3 que la cerradura de su cuarto hab\u00eda sido cambiada y que le faltaban 200 euros.<\/p>   <p>Al intentar retirarse del lugar con sus cosas, el hombre la amenaz\u00f3 y la agredi\u00f3, propin\u00e1ndole golpes en la cabeza, brazos y espalda, adem\u00e1s de sustraerle el tel\u00e9fono m\u00f3vil, por todo lo cual fue detenido por los supuestos delitos de robo con fuerza y con violencia y detenci\u00f3n ilegal, y fue trasladado a la comisar\u00eda antes de ser puesto a disposici\u00f3n del juzgado de guardia. <\/p>   <p>     .c-w{         max-width:444px;         width:100%;         margin:32px auto;      background:#00755E;         border-radius:4px;         display:flex;         align-items:center;         justify-content:center;     }     .c-w a{         display:flex;         align-items:center;         justify-content:center;         padding:4px 24px;     }     .c-w img{         width:24px;         margin-right:12px;     }     .c-w p{         font:18px\/25px Poppins;         text-align:center;         color:#fff;         margin:0;     }     @media (max-width:444px){         .c-w a{             padding:4px 12px;         }         .c-w img{             width:24px;             margin-right:8px;         }         .c-w p{             font:14px\/25px Poppins;         }     }     @media (max-width:335px){         .c-w p{             font:13px\/25px Poppins;         }     }  <div class=\"c-w\">     <a href=\"https:\/\/www.whatsapp.com\/channel\/0029Va633PF9WtC4l7XUzh1e\" rel=\"nofollow\" target=\"_blank\">         <img decoding=\"async\" src=\"https:\/\/cadenaser.com\/estaticos\/recursosgraficos\/responsive\/img\/ico-whatsapp.svg\" alt=\"Whatsapp\">         <p>\u00danete al <b>canal de WhatsApp<\/b> de la SER<\/p>     <\/a> <\/div><\/p> ","protected":false},"excerpt":{"rendered":"<p>La v\u00edctima encontr\u00f3 la habitaci\u00f3n a trav\u00e9s de un grupo de mensajer\u00eda social<\/p>\n","protected":false},"author":0,"featured_media":11706,"comment_status":"open","ping_status":"open","sticky":false,"template":"","format":"standard","meta":{"_acf_changed":false,"footnotes":""},"categories":[1],"tags":[],"class_list":["post-11705","post","type-post","status-publish","format-standard","has-post-thumbnail","hentry","category-sin-categoria"],"acf":{"ser_id":"MB7YRHVYXRBG3DEL7J3BVCICOQ","ser_url":"https:\/\/cadenaser.com\/comunitat-valenciana\/2025\/01\/07\/la-policia-nacional-detiene-en-benidorm-a-un-hombre-por-agredir-a-su-inquilina-e-intentar-prostituirla-radio-benidorm\/"},"_links":{"self":[{"href":"https:\/\/serbenidorm.daliisolutions.com\/index.php\/wp-json\/wp\/v2\/posts\/11705","targetHints":{"allow":["GET"]}}],"collection":[{"href":"https:\/\/serbenidorm.daliisolutions.com\/index.php\/wp-json\/wp\/v2\/posts"}],"about":[{"href":"https:\/\/serbenidorm.daliisolutions.com\/index.php\/wp-json\/wp\/v2\/types\/post"}],"replies":[{"embeddable":true,"href":"https:\/\/serbenidorm.daliisolutions.com\/index.php\/wp-json\/wp\/v2\/comments?post=11705"}],"version-history":[{"count":0,"href":"https:\/\/serbenidorm.daliisolutions.com\/index.php\/wp-json\/wp\/v2\/posts\/11705\/revisions"}],"wp:featuredmedia":[{"embeddable":true,"href":"https:\/\/serbenidorm.daliisolutions.com\/index.php\/wp-json\/wp\/v2\/media\/11706"}],"wp:attachment":[{"href":"https:\/\/serbenidorm.daliisolutions.com\/index.php\/wp-json\/wp\/v2\/media?parent=11705"}],"wp:term":[{"taxonomy":"category","embeddable":true,"href":"https:\/\/serbenidorm.daliisolutions.com\/index.php\/wp-json\/wp\/v2\/categories?post=11705"},{"taxonomy":"post_tag","embeddable":true,"href":"https:\/\/serbenidorm.daliisolutions.com\/index.php\/wp-json\/wp\/v2\/tags?post=11705"}],"curies":[{"name":"wp","href":"https:\/\/api.w.org\/{rel}","templated":true}]}}