{"id":11707,"date":"2025-01-07T14:36:19","date_gmt":"2025-01-07T13:36:19","guid":{"rendered":"https:\/\/serbenidorm.daliisolutions.com\/index.php\/2025\/01\/07\/hector-alvarez-se-rompe-la-clavicula-y-debera-redefinir-su-inicio-de-temporada\/"},"modified":"2025-01-07T14:36:19","modified_gmt":"2025-01-07T13:36:19","slug":"hector-alvarez-se-rompe-la-clavicula-y-debera-redefinir-su-inicio-de-temporada","status":"publish","type":"post","link":"https:\/\/serbenidorm.daliisolutions.com\/index.php\/2025\/01\/07\/hector-alvarez-se-rompe-la-clavicula-y-debera-redefinir-su-inicio-de-temporada\/","title":{"rendered":"H\u00e9ctor \u00c1lvarez se rompe la clav\u00edcula y deber\u00e1 redefinir su inicio de temporada"},"content":{"rendered":"  <p><div data-adtype=\"MLDB\"><\/div><\/p>   <p>Benidorm<\/p>   <p>El a\u00f1o 2025 le ha mostrado al alfasino <a href=\"https:\/\/prisaradio-prisaradio-prod.cdn.arcpublishing.com\/tag\/hector_alvarez_martinez\/a\/\" rel=\"nofollow\" target=\"_blank\">H\u00e9ctor \u00c1lvarez<\/a>, en poco menos de una semana, las dos caras del deporte. Si el d\u00eda 1 de enero pod\u00eda, por fin, posar por vez primera con los colores del Lidl-Trek, la estructura World Tour con la que debutar\u00e1 (por el momento, en su equipo de desarrollo) en el campo Sub-23; el pasado domingo sufr\u00eda una ca\u00edda durante un entrenamiento que le ha producido una fractura de clav\u00edcula que, l\u00f3gicamente, ha trastocado sus planes de inicio de curso.<\/p>   <p>Tras finalizar la pasada campa\u00f1a como el mejor ciclista J\u00fanior del mundo, un logro que ning\u00fan otro corredor espa\u00f1ol hab\u00eda logrado en la historia, \u00c1lvarez llevaba semanas preparando con enorme ilusi\u00f3n esta nueva etapa en su progresi\u00f3n deportiva.<\/p>   <p>Tal y como explic\u00f3 en su momento en <a href=\"https:\/\/cadenaser.com\/radio-benidorm\/ser-deportivos-benidorm\/\" target=\"_blank\">SER Deportivos-Marina Baixa<\/a>, \u00c1lvarez y los responsables de Lidl-Trek hab\u00edan decidido, al contrario de lo que se ha convertido en moda en el ciclismo actual, ir quemando etapas de una forma m\u00e1s conservadora compitiendo en categor\u00eda Sub-23 durante dos temporadas antes de dar el salto al equipo World Tour.<\/p>  <p><p>M\u00e1s informaci\u00f3n<\/p><figure><img loading=\"lazy\" decoding=\"async\" src=\"https:\/\/cadenaser.com\/resizer\/v2\/EZHZK6KRH5ETTNLYBEEPK2JIFI.jpg?auth=3a022664e7cc40897ab06d046bfdf72b2bc3299926a29254e13063fc2011fadf&amp;quality=70&amp;width=360&amp;height=202&amp;smart=true\" width=\"820\" height=\"621\" \/><\/figure><ul><li><a href=\"https:\/\/cadenaser.com\/tag\/hector_alvarez_martinez\/a\/\"><span>Todas las noticias de H\u00e9ctor \u00c1lvarez<\/span><\/a><\/li><\/ul><\/p>   <p>De esta manera, adem\u00e1s de garantizarse una formaci\u00f3n m\u00e1s pausada y, por lo tanto, una adaptaci\u00f3n m\u00e1s progresiva a la m\u00e1xima categor\u00eda, el corredor de l\u2019Alf\u00e0s del Pi aspira a poder asaltar, ya en su segundo a\u00f1o, un te\u00f3rico asalto al t\u00edtulo de campe\u00f3n del mundo que <a href=\"https:\/\/prisaradio-prisaradio-prod.cdn.arcpublishing.com\/comunitat-valenciana\/2024\/09\/26\/el-diluvio-de-zurich-acaba-con-el-sueno-arcoioris-de-hector-alvarez-radio-benidorm\/\" rel=\"nofollow\" target=\"_blank\">se le escap\u00f3 por muy poco en la categor\u00eda J\u00fanior<\/a>.<\/p>   <p>Posible debut en Ja\u00e9n<\/p>   <p>Para iniciar ese camino de largo recorrido, se esperaba que \u00c1lvarez debutara esta temporada en las primeras carreras del a\u00f1o y se hab\u00eda barajado para ello la Cl\u00e0ssica Camp de Morvedre, la Ruta de la Cer\u00e1mica o la Cl\u00e0ssica Comunitat Valenciana, pruebas estas dos \u00faltimas, en las que hubiese coincidido con buena parte del pelot\u00f3n World Tour.<\/p>   <p>     .c-w{         max-width:444px;         width:100%;         margin:32px auto;      background:#00755E;         border-radius:4px;         display:flex;         align-items:center;         justify-content:center;     }     .c-w a{         display:flex;         align-items:center;         justify-content:center;         padding:4px 24px;     }     .c-w img{         width:24px;         margin-right:12px;     }     .c-w p{         font:18px\/25px Poppins;         text-align:center;         color:#fff;         margin:0;     }     @media (max-width:444px){         .c-w a{             padding:4px 12px;         }         .c-w img{             width:24px;             margin-right:8px;         }         .c-w p{             font:14px\/25px Poppins;         }     }     @media (max-width:335px){         .c-w p{             font:13px\/25px Poppins;         }     }  <div class=\"c-w\">     <a href=\"https:\/\/www.whatsapp.com\/channel\/0029Va633PF9WtC4l7XUzh1e\" rel=\"nofollow\" target=\"_blank\">         <img decoding=\"async\" src=\"https:\/\/cadenaser.com\/estaticos\/recursosgraficos\/responsive\/img\/ico-whatsapp.svg\" alt=\"Whatsapp\">         <p>\u00danete al <b>canal de WhatsApp<\/b> de la SER<\/p>     <\/a> <\/div><\/p>   <p>Sin embargo, tras la ca\u00edda sufrida el pasado 5 de enero y esa fractura de clav\u00edcula, \u00c1lvarez deber\u00e1 pasar por el quir\u00f3fano en las pr\u00f3ximas horas y su debut quedar\u00e1 postergado hasta haber completado la necesaria recuperaci\u00f3n.<\/p>   <p>El corredor de l\u2019Alf\u00e0s del Pi no descarta poder disputar el d\u00eda 17 de febrero la Cl\u00e1sica de Ja\u00e9n, una prueba que este a\u00f1o cumple su cuarta edici\u00f3n y que en el pasado ganaron Tadej Pogacar, Oier Lazkano o Alexey Lutsenko y en la que este a\u00f1o est\u00e1 anunciada, entre otros, la presencia de Wout van Aert.<\/p>   <p>En cualquier caso, esos planes siguen ahora a expensas de esa operaci\u00f3n de clav\u00edcula a la que se someter\u00e1 en las pr\u00f3ximas horas y el proceso de recuperaci\u00f3n. Todo ello, de nuevo, con la vista puesta en las grandes cl\u00e1sicas de primavera (Par\u00eds-Roubaix, Gante-Wevelgem o Lieja-Basto\u00f1a-Lieja) de la categor\u00eda Sub-23.<\/p> ","protected":false},"excerpt":{"rendered":"<p>Tras acabar el a\u00f1o como n\u00famero uno del mundo J\u00fanior, debutar\u00e1 esta temporada como Sub-23<\/p>\n","protected":false},"author":0,"featured_media":11708,"comment_status":"open","ping_status":"open","sticky":false,"template":"","format":"standard","meta":{"_acf_changed":false,"footnotes":""},"categories":[16],"tags":[],"class_list":["post-11707","post","type-post","status-publish","format-standard","has-post-thumbnail","hentry","category-deportes"],"acf":{"ser_id":"TL2TN5GS7ZG2ZFPWT5GAQI3LVQ","ser_url":"https:\/\/cadenaser.com\/comunitat-valenciana\/2025\/01\/07\/hector-alvarez-se-rompe-la-clavicula-y-debera-redefinir-su-inicio-de-temporada-radio-benidorm\/"},"_links":{"self":[{"href":"https:\/\/serbenidorm.daliisolutions.com\/index.php\/wp-json\/wp\/v2\/posts\/11707","targetHints":{"allow":["GET"]}}],"collection":[{"href":"https:\/\/serbenidorm.daliisolutions.com\/index.php\/wp-json\/wp\/v2\/posts"}],"about":[{"href":"https:\/\/serbenidorm.daliisolutions.com\/index.php\/wp-json\/wp\/v2\/types\/post"}],"replies":[{"embeddable":true,"href":"https:\/\/serbenidorm.daliisolutions.com\/index.php\/wp-json\/wp\/v2\/comments?post=11707"}],"version-history":[{"count":0,"href":"https:\/\/serbenidorm.daliisolutions.com\/index.php\/wp-json\/wp\/v2\/posts\/11707\/revisions"}],"wp:featuredmedia":[{"embeddable":true,"href":"https:\/\/serbenidorm.daliisolutions.com\/index.php\/wp-json\/wp\/v2\/media\/11708"}],"wp:attachment":[{"href":"https:\/\/serbenidorm.daliisolutions.com\/index.php\/wp-json\/wp\/v2\/media?parent=11707"}],"wp:term":[{"taxonomy":"category","embeddable":true,"href":"https:\/\/serbenidorm.daliisolutions.com\/index.php\/wp-json\/wp\/v2\/categories?post=11707"},{"taxonomy":"post_tag","embeddable":true,"href":"https:\/\/serbenidorm.daliisolutions.com\/index.php\/wp-json\/wp\/v2\/tags?post=11707"}],"curies":[{"name":"wp","href":"https:\/\/api.w.org\/{rel}","templated":true}]}}