{"id":11717,"date":"2025-01-07T16:54:22","date_gmt":"2025-01-07T15:54:22","guid":{"rendered":"https:\/\/serbenidorm.daliisolutions.com\/index.php\/2025\/01\/07\/javier-vidales-entrenador-del-c-f-benidorm-nos-vamos-a-salvar-seguro\/"},"modified":"2025-01-07T16:54:22","modified_gmt":"2025-01-07T15:54:22","slug":"javier-vidales-entrenador-del-c-f-benidorm-nos-vamos-a-salvar-seguro","status":"publish","type":"post","link":"https:\/\/serbenidorm.daliisolutions.com\/index.php\/2025\/01\/07\/javier-vidales-entrenador-del-c-f-benidorm-nos-vamos-a-salvar-seguro\/","title":{"rendered":"Javier Vidales, entrenador del C.F. Benidorm: \u00abNos vamos a salvar seguro\u00bb"},"content":{"rendered":"  <p><div data-adtype=\"MLDB\"><\/div><\/p>   <p>Benidorm<\/p>   <p>La err\u00e1tica marcha del primer equipo del C.F. Benidorm en la primera vuelta de la competici\u00f3n liguera (que llegar\u00e1 a su fin este fin de semana con el derbi ante La Nuc\u00eda) provocaba, tras una racha de dos victorias, cinco empates y ocho derrotas (once puntos de 45 posibles a la espera de disputar el partido aplazado ante el Ontinyent, que se disputar\u00e1 el d\u00eda 15 de enero) el cese de Miguel \u00c1ngel Mart\u00ednez como entrenador del equipo del Guillermo Amor y la llegada a ese banquillo de Javier Vidales, al que la directiva ha confiado la misi\u00f3n de salvar la categor\u00eda y, por qu\u00e9 no, tratar de so\u00f1ar con objetivos m\u00e1s importantes.<\/p>   <p>Nacido en Astorga, Vidales llega al C.F. Benidorm con mando en plaza. Adem\u00e1s de entrenador del primer equipo, tambi\u00e9n asumir\u00e1 el cargo de director deportivo, aunque \u00e9l mismo matiza que esa responsabilidad la compartir\u00e1 con Agust\u00edn Alves, que ha venido ocupando esa plaza en los \u00faltimos a\u00f1os.<\/p>   <p>Antes de debutar en el banquillo del C.F. Benidorm el pr\u00f3ximo s\u00e1bado (19:30 horas) ante La Nuc\u00eda, Vidales ha concedido su primera entrevista tras su desembarco en la ciudad a Radio Benidorm-SER. En ella, ha sido categ\u00f3rico y no ha dudado en afirmar que el equipo se salvar\u00e1.<\/p> ","protected":false},"excerpt":{"rendered":"<p>El nuevo inquilino del banquillo del Guillermo Amor concede su primera entrevista en SER Deportivos Marina Baixa<\/p>\n","protected":false},"author":0,"featured_media":11718,"comment_status":"open","ping_status":"open","sticky":false,"template":"","format":"standard","meta":{"_acf_changed":false,"footnotes":""},"categories":[1],"tags":[],"class_list":["post-11717","post","type-post","status-publish","format-standard","has-post-thumbnail","hentry","category-sin-categoria"],"acf":{"ser_id":"QJTKTEK72RBQDOV64OX4NGA43M","ser_url":"https:\/\/cadenaser.com\/comunitat-valenciana\/2025\/01\/07\/javier-vidales-entrenador-del-cf-benidorm-nos-vamos-a-salvar-seguro-radio-benidorm\/"},"_links":{"self":[{"href":"https:\/\/serbenidorm.daliisolutions.com\/index.php\/wp-json\/wp\/v2\/posts\/11717","targetHints":{"allow":["GET"]}}],"collection":[{"href":"https:\/\/serbenidorm.daliisolutions.com\/index.php\/wp-json\/wp\/v2\/posts"}],"about":[{"href":"https:\/\/serbenidorm.daliisolutions.com\/index.php\/wp-json\/wp\/v2\/types\/post"}],"replies":[{"embeddable":true,"href":"https:\/\/serbenidorm.daliisolutions.com\/index.php\/wp-json\/wp\/v2\/comments?post=11717"}],"version-history":[{"count":0,"href":"https:\/\/serbenidorm.daliisolutions.com\/index.php\/wp-json\/wp\/v2\/posts\/11717\/revisions"}],"wp:featuredmedia":[{"embeddable":true,"href":"https:\/\/serbenidorm.daliisolutions.com\/index.php\/wp-json\/wp\/v2\/media\/11718"}],"wp:attachment":[{"href":"https:\/\/serbenidorm.daliisolutions.com\/index.php\/wp-json\/wp\/v2\/media?parent=11717"}],"wp:term":[{"taxonomy":"category","embeddable":true,"href":"https:\/\/serbenidorm.daliisolutions.com\/index.php\/wp-json\/wp\/v2\/categories?post=11717"},{"taxonomy":"post_tag","embeddable":true,"href":"https:\/\/serbenidorm.daliisolutions.com\/index.php\/wp-json\/wp\/v2\/tags?post=11717"}],"curies":[{"name":"wp","href":"https:\/\/api.w.org\/{rel}","templated":true}]}}