{"id":11728,"date":"2025-01-07T19:48:29","date_gmt":"2025-01-07T18:48:29","guid":{"rendered":"https:\/\/serbenidorm.daliisolutions.com\/index.php\/2025\/01\/07\/rebajas-en-benidorm-primer-dia-tranquilo-y-confianza-en-los-turistas-invernales\/"},"modified":"2025-01-07T19:48:29","modified_gmt":"2025-01-07T18:48:29","slug":"rebajas-en-benidorm-primer-dia-tranquilo-y-confianza-en-los-turistas-invernales","status":"publish","type":"post","link":"https:\/\/serbenidorm.daliisolutions.com\/index.php\/2025\/01\/07\/rebajas-en-benidorm-primer-dia-tranquilo-y-confianza-en-los-turistas-invernales\/","title":{"rendered":"Rebajas en Benidorm: primer d\u00eda \u00abtranquilo\u00bb y confianza en los turistas invernales"},"content":{"rendered":"  <p><div data-adtype=\"MLDB\"><\/div><\/p>   <p>Benidorm<\/p>   <p>Con la digesti\u00f3n de las navidades en curso y muchos regalos de los Reyes Magos todav\u00eda por estrenar ha arrancado este martes la primera campa\u00f1a de rebajas del a\u00f1o. Una jornada marcada por vuelta a la rutina, a los colegios o al trabajo, que ha hecho m\u00e1s tranquilas las primeras horas en las tiendas, al menos, del centro de Benidorm.<\/p>   <p>Unas tiendas a las que se han acercado curiosos y se han vendido los primeros productos, aunque los dependientes conf\u00eden en que el fin de semana sea cuando llegue el grueso del trabajo: \u00abLa gente ha comprado mucho en Navidad y est\u00e1 esperando un poco a ver que se pone en liquidaci\u00f3n\u00bb, cuenta la responsable de un comercio de ropa deportiva.<\/p>   <p>Algo que ha corroborado en <a href=\"https:\/\/cadenaser.com\/tag\/comarca_la_marina_baixa\/a\/\" target=\"_blank\">La Ventana de la Marina Baixa<\/a> el presidente de la <a href=\"https:\/\/cadenaser.com\/tag\/benidorm\/a\/\" target=\"_blank\">Asociaci\u00f3n Independiente de Comerciantes de Benidorm (AICO)<\/a> Ra\u00fal Parra: \u00abVenimos de una campa\u00f1a de bonos que ha disparado el consumo en Navidad y eso hace que la campa\u00f1a de rebajas empiece un poco m\u00e1s floja\u00bb.<\/p>  <p><p>M\u00e1s informaci\u00f3n<\/p><figure><img loading=\"lazy\" decoding=\"async\" src=\"https:\/\/cadenaser.com\/resizer\/v2\/3EK5AHP7AVCTHP6EVYCKHFTJ7U.jpg?auth=9b14c3d6bf626c1e07f4d11c5b35535733ceff4219a710b74a5765fedc985fdb&amp;quality=70&amp;width=360&amp;height=202&amp;smart=true\" width=\"820\" height=\"621\" \/><\/figure><ul><li><a href=\"https:\/\/cadenaser.com\/comunitat-valenciana\/2025\/01\/03\/camareros-limpiadoras-y-musicos-radiografia-del-empleo-en-benidorm-y-la-marina-baixa-en-2024-radio-benidorm\/\"><span>Camareros, limpiadoras y m\u00fasicos: radiograf\u00eda del empleo en Benidorm y la Marina Baixa en 2024<\/span><\/a><\/li><\/ul><\/p>   <p>\u00abInfluyen muchas variables\u00bb, ha explicado Parra, que conf\u00eda en que las rebajas vayan de menos a m\u00e1s: \u00abHay dos eventos destacados como la Copa del Mundo de Ciclocross y el Benidorm Fest; se est\u00e1 haciendo la ciudad atractiva para pasar enero y febrero y eso hace que haya m\u00e1s tr\u00e1fico de turistas por el centro\u00bb.<\/p>   <p>As\u00ed las cosas los comerciantes podr\u00e1n mantener las cajas activas, especialmente en el sector del textil, con descuentos que cada vez \u00abse aplican en muchos m\u00e1s sitios\u00bb. <\/p>   <p>     .c-w{         max-width:444px;         width:100%;         margin:32px auto;      background:#00755E;         border-radius:4px;         display:flex;         align-items:center;         justify-content:center;     }     .c-w a{         display:flex;         align-items:center;         justify-content:center;         padding:4px 24px;     }     .c-w img{         width:24px;         margin-right:12px;     }     .c-w p{         font:18px\/25px Poppins;         text-align:center;         color:#fff;         margin:0;     }     @media (max-width:444px){         .c-w a{             padding:4px 12px;         }         .c-w img{             width:24px;             margin-right:8px;         }         .c-w p{             font:14px\/25px Poppins;         }     }     @media (max-width:335px){         .c-w p{             font:13px\/25px Poppins;         }     }  <div class=\"c-w\">     <a href=\"https:\/\/www.whatsapp.com\/channel\/0029Va633PF9WtC4l7XUzh1e\" rel=\"nofollow\" target=\"_blank\">         <img decoding=\"async\" src=\"https:\/\/cadenaser.com\/estaticos\/recursosgraficos\/responsive\/img\/ico-whatsapp.svg\" alt=\"Whatsapp\">         <p>\u00danete al <b>canal de WhatsApp<\/b> de la SER<\/p>     <\/a> <\/div><\/p> ","protected":false},"excerpt":{"rendered":"<p>AICO destaca la importancia de esta campa\u00f1a para el sector del textil<\/p>\n","protected":false},"author":0,"featured_media":11729,"comment_status":"open","ping_status":"open","sticky":false,"template":"","format":"standard","meta":{"_acf_changed":false,"footnotes":""},"categories":[1],"tags":[],"class_list":["post-11728","post","type-post","status-publish","format-standard","has-post-thumbnail","hentry","category-sin-categoria"],"acf":{"ser_id":"IM6IJGVI4VFWZFXPUCOTQQ4Y74","ser_url":"https:\/\/cadenaser.com\/andalucia\/2025\/01\/07\/rebajas-en-benidorm-primer-dia-tranquilo-y-confianza-en-los-turistas-invernales-radio-benidorm\/"},"_links":{"self":[{"href":"https:\/\/serbenidorm.daliisolutions.com\/index.php\/wp-json\/wp\/v2\/posts\/11728","targetHints":{"allow":["GET"]}}],"collection":[{"href":"https:\/\/serbenidorm.daliisolutions.com\/index.php\/wp-json\/wp\/v2\/posts"}],"about":[{"href":"https:\/\/serbenidorm.daliisolutions.com\/index.php\/wp-json\/wp\/v2\/types\/post"}],"replies":[{"embeddable":true,"href":"https:\/\/serbenidorm.daliisolutions.com\/index.php\/wp-json\/wp\/v2\/comments?post=11728"}],"version-history":[{"count":0,"href":"https:\/\/serbenidorm.daliisolutions.com\/index.php\/wp-json\/wp\/v2\/posts\/11728\/revisions"}],"wp:featuredmedia":[{"embeddable":true,"href":"https:\/\/serbenidorm.daliisolutions.com\/index.php\/wp-json\/wp\/v2\/media\/11729"}],"wp:attachment":[{"href":"https:\/\/serbenidorm.daliisolutions.com\/index.php\/wp-json\/wp\/v2\/media?parent=11728"}],"wp:term":[{"taxonomy":"category","embeddable":true,"href":"https:\/\/serbenidorm.daliisolutions.com\/index.php\/wp-json\/wp\/v2\/categories?post=11728"},{"taxonomy":"post_tag","embeddable":true,"href":"https:\/\/serbenidorm.daliisolutions.com\/index.php\/wp-json\/wp\/v2\/tags?post=11728"}],"curies":[{"name":"wp","href":"https:\/\/api.w.org\/{rel}","templated":true}]}}