{"id":11741,"date":"2025-01-08T11:00:23","date_gmt":"2025-01-08T10:00:23","guid":{"rendered":"https:\/\/serbenidorm.daliisolutions.com\/index.php\/2025\/01\/08\/el-precio-de-la-vivienda-de-segunda-mano-en-benidorm-subio-un-144-en-2024\/"},"modified":"2025-01-08T11:00:23","modified_gmt":"2025-01-08T10:00:23","slug":"el-precio-de-la-vivienda-de-segunda-mano-en-benidorm-subio-un-144-en-2024","status":"publish","type":"post","link":"https:\/\/serbenidorm.daliisolutions.com\/index.php\/2025\/01\/08\/el-precio-de-la-vivienda-de-segunda-mano-en-benidorm-subio-un-144-en-2024\/","title":{"rendered":"El precio de la vivienda de segunda mano en Benidorm subi\u00f3 un 14,4 % en 2024"},"content":{"rendered":"  <p><div data-adtype=\"MLDB\"><\/div><\/p>   <p>Benidorm<\/p>   <p>M\u00e1s datos que invitan al pesimismo para quienes buscan una vivienda, en este caso en Benidorm y el resto de la Marina Baixa. Solo en la capital tur\u00edstica, seg\u00fan los datos del portal inmobiliario Fotocasa, el precio de la vivienda de segunda mano ha subido un 14,4 % durante el \u00faltimo a\u00f1o dejando el precio medio del metro cuadrado en 3.458 euros. <\/p>   <p>Una estad\u00edstica que<a href=\"https:\/\/cadenaser.com\/tag\/la_nucia\/a\/\" target=\"_blank\"> sit\u00faa adem\u00e1s a La Nuc\u00eda como la localidad de toda la Comunitat Valenciana donde m\u00e1s ha aumentado<\/a>, hasta un 83 % en solo un a\u00f1o, colocando el precio medio del metro cuadrado en casi 2.800 euros.<\/p>  <p><p>M\u00e1s informaci\u00f3n<\/p><figure><img loading=\"lazy\" decoding=\"async\" src=\"https:\/\/cadenaser.com\/resizer\/v2\/7E57ODDDVVE37FGPBEDUZRN7KQ.jpg?auth=ab6470ee99ff2c131bf447443554a94594724b895b3b95679fde4f563d62aeb9&amp;quality=70&amp;width=360&amp;height=202&amp;smart=true\" width=\"820\" height=\"621\" \/><\/figure><ul><li><a href=\"https:\/\/cadenaser.com\/comunitat-valenciana\/2025\/01\/03\/camareros-limpiadoras-y-musicos-radiografia-del-empleo-en-benidorm-y-la-marina-baixa-en-2024-radio-benidorm\/\"><span>Camareros, limpiadoras y m\u00fasicos: radiograf\u00eda del empleo en Benidorm y la Marina Baixa en 2024<\/span><\/a><\/li><\/ul><\/p>   <p>Otros municipios de la comarca con subidas m\u00e1s ajustadas a la media de la Comunitat Valenciana (+19,8 %) son <a href=\"https:\/\/cadenaser.com\/tag\/vila_joiosa\/a\/\" target=\"_blank\">La Vila Joiosa<\/a>, casi un 22 %, o <a href=\"https:\/\/cadenaser.com\/tag\/finestrat\/a\/\" target=\"_blank\">Finestrat<\/a>, un 15 %. <\/p>   <p>El metro cuadrado m\u00e1s caro es, no obstante, dentro del t\u00e9rmino de <a href=\"https:\/\/cadenaser.com\/tag\/lalfas_del_pi\/a\/\" target=\"_blank\">l\u2019Alf\u00e0s del Pi<\/a>, por encima de los 4.000 euros, aunque aqu\u00ed el incremento del \u00faltimo a\u00f1o se ha quedado en un 11 %.<\/p>   <p>El alquiler, tambi\u00e9n por las nubes<\/p>   <p>Tres de las cuatro localidades de la Comunitat Valenciana con el alquiler m\u00e1s caro, tambi\u00e9n seg\u00fan Fotocasa, est\u00e1n en la comarca. Se trata, en este orden, de L\u2019Alf\u00e0s del Pi, Benidorm y Finestrat con un <a href=\"https:\/\/cadenaser.com\/tag\/benidorm\/a\/\" target=\"_blank\">precio mensual por encima de los 16 euros el metro cuadrado<\/a>.<\/p>   <p>     .c-w{         max-width:444px;         width:100%;         margin:32px auto;      background:#00755E;         border-radius:4px;         display:flex;         align-items:center;         justify-content:center;     }     .c-w a{         display:flex;         align-items:center;         justify-content:center;         padding:4px 24px;     }     .c-w img{         width:24px;         margin-right:12px;     }     .c-w p{         font:18px\/25px Poppins;         text-align:center;         color:#fff;         margin:0;     }     @media (max-width:444px){         .c-w a{             padding:4px 12px;         }         .c-w img{             width:24px;             margin-right:8px;         }         .c-w p{             font:14px\/25px Poppins;         }     }     @media (max-width:335px){         .c-w p{             font:13px\/25px Poppins;         }     }  <div class=\"c-w\">     <a href=\"https:\/\/www.whatsapp.com\/channel\/0029Va633PF9WtC4l7XUzh1e\" rel=\"nofollow\" target=\"_blank\">         <img decoding=\"async\" src=\"https:\/\/cadenaser.com\/estaticos\/recursosgraficos\/responsive\/img\/ico-whatsapp.svg\" alt=\"Whatsapp\">         <p>\u00danete al <b>canal de WhatsApp<\/b> de la SER<\/p>     <\/a> <\/div><\/p> ","protected":false},"excerpt":{"rendered":"<p>El precio medio del metro cuadrado se acerca a los 3.500 euros, solo superado en la comarca por el t\u00e9rmino de l&#8217;Alf\u00e0s, donde alcanza los 4.000<\/p>\n","protected":false},"author":0,"featured_media":11742,"comment_status":"open","ping_status":"open","sticky":false,"template":"","format":"standard","meta":{"_acf_changed":false,"footnotes":""},"categories":[1],"tags":[],"class_list":["post-11741","post","type-post","status-publish","format-standard","has-post-thumbnail","hentry","category-sin-categoria"],"acf":{"ser_id":"QHCHYYPCNVGEVLE56OVGLE6L6M","ser_url":"https:\/\/cadenaser.com\/comunitat-valenciana\/2025\/01\/08\/el-precio-de-la-vivienda-de-segunda-mano-en-benidorm-subio-un-144-en-2024-radio-benidorm\/"},"_links":{"self":[{"href":"https:\/\/serbenidorm.daliisolutions.com\/index.php\/wp-json\/wp\/v2\/posts\/11741","targetHints":{"allow":["GET"]}}],"collection":[{"href":"https:\/\/serbenidorm.daliisolutions.com\/index.php\/wp-json\/wp\/v2\/posts"}],"about":[{"href":"https:\/\/serbenidorm.daliisolutions.com\/index.php\/wp-json\/wp\/v2\/types\/post"}],"replies":[{"embeddable":true,"href":"https:\/\/serbenidorm.daliisolutions.com\/index.php\/wp-json\/wp\/v2\/comments?post=11741"}],"version-history":[{"count":0,"href":"https:\/\/serbenidorm.daliisolutions.com\/index.php\/wp-json\/wp\/v2\/posts\/11741\/revisions"}],"wp:featuredmedia":[{"embeddable":true,"href":"https:\/\/serbenidorm.daliisolutions.com\/index.php\/wp-json\/wp\/v2\/media\/11742"}],"wp:attachment":[{"href":"https:\/\/serbenidorm.daliisolutions.com\/index.php\/wp-json\/wp\/v2\/media?parent=11741"}],"wp:term":[{"taxonomy":"category","embeddable":true,"href":"https:\/\/serbenidorm.daliisolutions.com\/index.php\/wp-json\/wp\/v2\/categories?post=11741"},{"taxonomy":"post_tag","embeddable":true,"href":"https:\/\/serbenidorm.daliisolutions.com\/index.php\/wp-json\/wp\/v2\/tags?post=11741"}],"curies":[{"name":"wp","href":"https:\/\/api.w.org\/{rel}","templated":true}]}}