{"id":11750,"date":"2025-01-08T14:05:22","date_gmt":"2025-01-08T13:05:22","guid":{"rendered":"https:\/\/serbenidorm.daliisolutions.com\/index.php\/2025\/01\/08\/el-voley-benidormense-busca-en-galicia-el-primer-titulo-de-la-temporada\/"},"modified":"2025-01-08T14:05:22","modified_gmt":"2025-01-08T13:05:22","slug":"el-voley-benidormense-busca-en-galicia-el-primer-titulo-de-la-temporada","status":"publish","type":"post","link":"https:\/\/serbenidorm.daliisolutions.com\/index.php\/2025\/01\/08\/el-voley-benidormense-busca-en-galicia-el-primer-titulo-de-la-temporada\/","title":{"rendered":"El v\u00f3ley benidormense busca en Galicia el primer t\u00edtulo de la temporada"},"content":{"rendered":"  <p><div data-adtype=\"MLDB\"><\/div><\/p>   <p>Benidorm<\/p>   <p>El voleibol de Benidorm se enfrenta en los pr\u00f3ximos d\u00edas a su mayor reto en a\u00f1os. Despu\u00e9s de aquel primer intento fallido del conjunto femenino del Club Voleibol Playas de Benidorm por conseguir el ascenso del que el pr\u00f3ximo mes de junio se cumplir\u00e1n dos a\u00f1os, ahora es el turno del cuadro masculino, dirigido por Adriano Lamb, de tratar de conquistar el que ser\u00eda el t\u00edtulo m\u00e1s importante en la todav\u00eda corta historia de la entidad: la Copa Pr\u00edncipe.<\/p>   <p>Para ello, el equipo apura las \u00faltimas horas de preparaci\u00f3n antes de partir hacia Galicia, donde se disputar\u00e1 el torneo del KO del 10 al 12 de enero en la localidad coru\u00f1esa de San Sadurni\u00f1o con la presencia de los seis mejores equipos de la Superliga Masculina 2.<\/p>   <p>El formato del torneo incluye una fase de grupos en la que solo los dos mejores equipos de cada uno de los dos grupos avanzar\u00e1n a las semifinales. El Servigroup Playas de Benidorm, integrado en el Grupo B, se enfrentar\u00e1 a duros rivales como el CV Textil Santanderina, defensor del t\u00edtulo, y el CV Roquetes.<\/p>   <p>El equipo dirigido por Adriano Lamb, con la colaboraci\u00f3n de su asistente Iv\u00e1n Navarro, ha trabajado intensamente durante el par\u00f3n navide\u00f1o para llegar en la mejor forma posible a esta cita. La preparaci\u00f3n ha incluido entrenamientos espec\u00edficos tanto en el aspecto t\u00e9cnico como f\u00edsico, adem\u00e1s de encuentros amistosos frente al Volei Villena Petrer y el CV Fabraquer El Campello, con el objetivo de afinar la cohesi\u00f3n y el rendimiento del equipo.<\/p>   <p>\u201cEl equipo est\u00e1 muy ilusionado y hemos trabajado muy duro durante todas las Navidades, con la mente puesta en la Copa Pr\u00edncipe. Es un reto muy bonito para nosotros ya que es la primera vez que el club va a disputarla. Viajamos este mi\u00e9rcoles por la noche con mucha ilusi\u00f3n de hacer un gran papel y, por qu\u00e9 no, volver con la Copa en nuestros brazos. No ser\u00e1 sencillo puesto que los rivales son muy duros, pero conf\u00edo mucho en mi plantilla\u201d, ha destacado el t\u00e9cnico Adriano Lamb.<\/p>   <p>     .c-w{         max-width:444px;         width:100%;         margin:32px auto;      background:#00755E;         border-radius:4px;         display:flex;         align-items:center;         justify-content:center;     }     .c-w a{         display:flex;         align-items:center;         justify-content:center;         padding:4px 24px;     }     .c-w img{         width:24px;         margin-right:12px;     }     .c-w p{         font:18px\/25px Poppins;         text-align:center;         color:#fff;         margin:0;     }     @media (max-width:444px){         .c-w a{             padding:4px 12px;         }         .c-w img{             width:24px;             margin-right:8px;         }         .c-w p{             font:14px\/25px Poppins;         }     }     @media (max-width:335px){         .c-w p{             font:13px\/25px Poppins;         }     }  <div class=\"c-w\">     <a href=\"https:\/\/www.whatsapp.com\/channel\/0029Va633PF9WtC4l7XUzh1e\" rel=\"nofollow\" target=\"_blank\">         <img decoding=\"async\" src=\"https:\/\/cadenaser.com\/estaticos\/recursosgraficos\/responsive\/img\/ico-whatsapp.svg\" alt=\"Whatsapp\">         <p>\u00danete al <b>canal de WhatsApp<\/b> de la SER<\/p>     <\/a> <\/div><\/p>   <p>El Servigroup Playas de Benidorm debutar\u00e1 en la fase de grupos el viernes 10 de enero a las 17:30 horas frente al CV Textil Santanderina. Al d\u00eda siguiente, a las 9:30 horas, se medir\u00e1 al CV Roquetes en un duelo clave para determinar los equipos que avanzar\u00e1n a las semifinales, programadas para la tarde del mismo s\u00e1bado (17:30 y 20:00). La gran final del torneo tendr\u00e1 lugar el domingo 12 de enero a las 12:00.<\/p>   <p>Este torneo supone una oportunidad inigualable para el Servigroup Playas de Benidorm de consolidar su posici\u00f3n como uno de los equipos referentes en la categor\u00eda y de continuar demostrando su progreso y liderazgo en la Superliga 2 Masculina. Con esfuerzo, compromiso y el apoyo de un nutrido grupo de aficionados, el equipo benidormense buscar\u00e1 alzarse con el primer gran t\u00edtulo del a\u00f1o.<\/p> ","protected":false},"excerpt":{"rendered":"<p>El Servigroup Benidorm masculino llega imbatido a la disputa de la Copa Pr\u00edncipe<\/p>\n","protected":false},"author":0,"featured_media":11751,"comment_status":"open","ping_status":"open","sticky":false,"template":"","format":"standard","meta":{"_acf_changed":false,"footnotes":""},"categories":[16],"tags":[],"class_list":["post-11750","post","type-post","status-publish","format-standard","has-post-thumbnail","hentry","category-deportes"],"acf":{"ser_id":"GAPOWJRJANBSPKOTPXESOUPT2Q","ser_url":"https:\/\/cadenaser.com\/comunitat-valenciana\/2025\/01\/08\/el-voley-benidormense-busca-en-galicia-el-primer-titulo-de-la-temporada-radio-benidorm\/"},"_links":{"self":[{"href":"https:\/\/serbenidorm.daliisolutions.com\/index.php\/wp-json\/wp\/v2\/posts\/11750","targetHints":{"allow":["GET"]}}],"collection":[{"href":"https:\/\/serbenidorm.daliisolutions.com\/index.php\/wp-json\/wp\/v2\/posts"}],"about":[{"href":"https:\/\/serbenidorm.daliisolutions.com\/index.php\/wp-json\/wp\/v2\/types\/post"}],"replies":[{"embeddable":true,"href":"https:\/\/serbenidorm.daliisolutions.com\/index.php\/wp-json\/wp\/v2\/comments?post=11750"}],"version-history":[{"count":0,"href":"https:\/\/serbenidorm.daliisolutions.com\/index.php\/wp-json\/wp\/v2\/posts\/11750\/revisions"}],"wp:featuredmedia":[{"embeddable":true,"href":"https:\/\/serbenidorm.daliisolutions.com\/index.php\/wp-json\/wp\/v2\/media\/11751"}],"wp:attachment":[{"href":"https:\/\/serbenidorm.daliisolutions.com\/index.php\/wp-json\/wp\/v2\/media?parent=11750"}],"wp:term":[{"taxonomy":"category","embeddable":true,"href":"https:\/\/serbenidorm.daliisolutions.com\/index.php\/wp-json\/wp\/v2\/categories?post=11750"},{"taxonomy":"post_tag","embeddable":true,"href":"https:\/\/serbenidorm.daliisolutions.com\/index.php\/wp-json\/wp\/v2\/tags?post=11750"}],"curies":[{"name":"wp","href":"https:\/\/api.w.org\/{rel}","templated":true}]}}