{"id":11752,"date":"2025-01-08T14:30:22","date_gmt":"2025-01-08T13:30:22","guid":{"rendered":"https:\/\/serbenidorm.daliisolutions.com\/index.php\/2025\/01\/08\/benidorm-regulara-zonas-verde-y-naranja-en-el-nuevo-contrato-de-la-ora\/"},"modified":"2025-01-08T14:30:22","modified_gmt":"2025-01-08T13:30:22","slug":"benidorm-regulara-zonas-verde-y-naranja-en-el-nuevo-contrato-de-la-ora","status":"publish","type":"post","link":"https:\/\/serbenidorm.daliisolutions.com\/index.php\/2025\/01\/08\/benidorm-regulara-zonas-verde-y-naranja-en-el-nuevo-contrato-de-la-ora\/","title":{"rendered":"Benidorm regular\u00e1 zonas verde y naranja en el nuevo contrato de la ORA"},"content":{"rendered":"  <p><div data-adtype=\"MLDB\"><\/div><\/p>   <p>Benidorm<\/p>   <p>El Consejo de Movilidad, celebrado este martes en el Ayuntamiento de Benidorm, pon\u00eda de manifiesto los avances que el consistorio est\u00e1 realizando para acometer las pr\u00f3ximas licitaciones de los servicios de estacionamiento regulado y de pr\u00e9stamo de bicicletas.<\/p>   <p>En <a href=\"https:\/\/radiobenidorm.es\" rel=\"nofollow\" target=\"_blank\">Hoy por Hoy Benidorm<\/a> el edil de Movilidad, Francis Mu\u00f1oz, ha detallado c\u00f3mo funcionar\u00e1n las nuevas zonas verde y naranja que, hasta la fecha, estaban delimitadas pero no estaban reguladas y no se permit\u00eda su uso a los no residentes. \u00abEl pliego incluir\u00e1, adem\u00e1s de la zona azul, las zonas naranja y verde, con exenciones para los residentes, y con la clara intenci\u00f3n de potenciar el uso de la \u2018app\u2019 para el pago del aparcamiento, si bien habr\u00e1 parqu\u00edmetros instalados en los que, como hasta ahora, se podr\u00e1 seguir abonando la tarifa correspondiente\u00bb. <\/p>   <p>La actual zona naranja de aparcamiento en Benidorm alcanza 1.909 plazas, mientras que la zona verde abarca 1.429. Estas m\u00e1s de 3.300 plazas estar\u00e1n incluidas en el nuevo contrato. As\u00ed, la gesti\u00f3n de la zona verde establece que los residentes pueden aparcar de forma gratuita durante 48 horas como m\u00e1ximo y los no residentes pueden hacerlo pagando una tarifa igual que la zona azul durante las 24 horas del d\u00eda todos los d\u00edas del a\u00f1o. <\/p>   <p>Por su parte, la zona delimitada con color naranja est\u00e1 restringida exclusivamente a residentes, que podr\u00e1n estacionar su veh\u00edculo gratis un m\u00e1ximo de diez d\u00edas. Los no residentes podr\u00e1n aparcar siempre que acrediten un consumo en establecimientos locales. El tiempo permitido ser\u00e1 de una hora por un consumo entre 0 y 4,99 euros, de dos horas si el consumo es entre 10 y 14,99 euros y de tres horas gratis si el consumo es superior a 15 euros.<\/p>   <p>En el Consejo de Movilidad tambi\u00e9n se han ofrecido detalles del nuevo contrato del servicio de pr\u00e9stamo de bicicletas, cuyo presupuesto de licitaci\u00f3n asciende a 560.000 euros y parte con el objetivo principal de \u201cpotenciar el desplazamiento en bicicleta y mejorar la calidad de vida de las personas\u201d, seg\u00fan ha precisado Mu\u00f1oz. <\/p>   <p>     .c-w{         max-width:444px;         width:100%;         margin:32px auto;      background:#00755E;         border-radius:4px;         display:flex;         align-items:center;         justify-content:center;     }     .c-w a{         display:flex;         align-items:center;         justify-content:center;         padding:4px 24px;     }     .c-w img{         width:24px;         margin-right:12px;     }     .c-w p{         font:18px\/25px Poppins;         text-align:center;         color:#fff;         margin:0;     }     @media (max-width:444px){         .c-w a{             padding:4px 12px;         }         .c-w img{             width:24px;             margin-right:8px;         }         .c-w p{             font:14px\/25px Poppins;         }     }     @media (max-width:335px){         .c-w p{             font:13px\/25px Poppins;         }     }  <div class=\"c-w\">     <a href=\"https:\/\/www.whatsapp.com\/channel\/0029Va633PF9WtC4l7XUzh1e\" rel=\"nofollow\" target=\"_blank\">         <img decoding=\"async\" src=\"https:\/\/cadenaser.com\/estaticos\/recursosgraficos\/responsive\/img\/ico-whatsapp.svg\" alt=\"Whatsapp\">         <p>\u00danete al <b>canal de WhatsApp<\/b> de la SER<\/p>     <\/a> <\/div><\/p>   <p>El pliego de condiciones prev\u00e9 que el servicio cuente con 150 bicicletas con pedaleo asistido (el\u00e9ctricas), una veintena de estaciones de pr\u00e9stamo y que el acceso se realice mediante una \u2018app\u2019. Las bicicletas estar\u00e1n geolocalizadas de modo que la propia aplicaci\u00f3n permitir\u00e1 el bloqueo de las mismas. La velocidad de estos veh\u00edculos tambi\u00e9n estar\u00e1 limitada a lo que indiquen las ordenanzas y dispondr\u00e1n de un sistema de bater\u00edas intercambiables y una autonom\u00eda de alrededor de 80 kil\u00f3metros. <\/p>   <p>El contrato tambi\u00e9n especifica que se reforzar\u00e1 la se\u00f1alizaci\u00f3n horizontal y vertical y que las bicicletas solo podr\u00e1n estacionarse en las estaciones dispuestas para ello. Las tarifas a\u00fan no est\u00e1n determinadas, aunque los usuarios deber\u00e1n adquirir bonos que, en principio, ser\u00e1n de un d\u00eda, una semana o un mes, con descuentos para los residentes.<\/p> ","protected":false},"excerpt":{"rendered":"<p>El Consejo de Movilidad dio cuenta de los avances en la redacci\u00f3n de los nuevos pliegos del estacionamiento regulado y pr\u00e9stamo de bicicletas<\/p>\n","protected":false},"author":0,"featured_media":11753,"comment_status":"open","ping_status":"open","sticky":false,"template":"","format":"standard","meta":{"_acf_changed":false,"footnotes":""},"categories":[1],"tags":[],"class_list":["post-11752","post","type-post","status-publish","format-standard","has-post-thumbnail","hentry","category-sin-categoria"],"acf":{"ser_id":"NSUQDUHVUVDERCDQDIY7RVYRAY","ser_url":"https:\/\/cadenaser.com\/comunitat-valenciana\/2025\/01\/08\/benidorm-regulara-zonas-verde-y-naranja-en-el-nuevo-contrato-de-la-ora-radio-benidorm\/"},"_links":{"self":[{"href":"https:\/\/serbenidorm.daliisolutions.com\/index.php\/wp-json\/wp\/v2\/posts\/11752","targetHints":{"allow":["GET"]}}],"collection":[{"href":"https:\/\/serbenidorm.daliisolutions.com\/index.php\/wp-json\/wp\/v2\/posts"}],"about":[{"href":"https:\/\/serbenidorm.daliisolutions.com\/index.php\/wp-json\/wp\/v2\/types\/post"}],"replies":[{"embeddable":true,"href":"https:\/\/serbenidorm.daliisolutions.com\/index.php\/wp-json\/wp\/v2\/comments?post=11752"}],"version-history":[{"count":0,"href":"https:\/\/serbenidorm.daliisolutions.com\/index.php\/wp-json\/wp\/v2\/posts\/11752\/revisions"}],"wp:featuredmedia":[{"embeddable":true,"href":"https:\/\/serbenidorm.daliisolutions.com\/index.php\/wp-json\/wp\/v2\/media\/11753"}],"wp:attachment":[{"href":"https:\/\/serbenidorm.daliisolutions.com\/index.php\/wp-json\/wp\/v2\/media?parent=11752"}],"wp:term":[{"taxonomy":"category","embeddable":true,"href":"https:\/\/serbenidorm.daliisolutions.com\/index.php\/wp-json\/wp\/v2\/categories?post=11752"},{"taxonomy":"post_tag","embeddable":true,"href":"https:\/\/serbenidorm.daliisolutions.com\/index.php\/wp-json\/wp\/v2\/tags?post=11752"}],"curies":[{"name":"wp","href":"https:\/\/api.w.org\/{rel}","templated":true}]}}